{"id":131,"date":"2018-09-27T15:06:16","date_gmt":"2018-09-27T18:06:16","guid":{"rendered":"http:\/\/www.redevoluntariasitatiba.com.br\/cms\/?p=131"},"modified":"2018-10-05T14:00:45","modified_gmt":"2018-10-05T17:00:45","slug":"festa-do-caqui","status":"publish","type":"post","link":"https:\/\/www.redevoluntariasitatiba.com.br\/cms\/2018\/09\/27\/festa-do-caqui\/","title":{"rendered":"Festa do Caqui"},"content":{"rendered":"<p>Em Abril, nos finais de semana 6,7 e 8 como tamb\u00e9m 13,14 e 15, aconteceu a tradicional Festa do Caqui, promovida pela Prefeitura, onde a REDE, como tem feito anualmente participou e com muito sucesso, gra\u00e7as a valiosa colabora\u00e7\u00e3o de seu time de volunt\u00e1rios, o que permitiu aumentar os recursos para a aquisi\u00e7\u00e3o de medicamentos fornecidos aos pacientes com c\u00e2ncer assistidos pela Rede.<\/p>\n<p>A festa foi prestigiada por um grande n\u00famero de visitantes, tanto de Itatiba como de cidades vizinhas. Os mais variados tipos de comida e bebidas foram servidos por barracas de Entidades Sociais e Assistenciais da cidade, agradando aos mais variados gostos.<\/p>\n<p>A Rede de Volunt\u00e1rias de Combate ao C\u00e2ncer ofereceu em sua barraca, especiais Crepes (muito sucesso), Chopp, \u00e1gua e refrigerantes, sorvetes, oferecidos por uma grande equipe de volunt\u00e1rios participativa que se revezou durante o evento.<\/p>\n<p>Produtores da regi\u00e3o, tiveram a oportunidade de exporem, venderem e serem premiados pela qualidade de seus produtos.<\/p>\n<p>E como n\u00e3o poderia deixar de ser, tudo isso regado por apresenta\u00e7\u00f5es musicais, para todos os gostos, por conjuntos regionais.<\/p>\n<div class=\"wpe-col wpe-col-13-13-13\">\n<div class=\"wpe-col-1\">\n<p>&nbsp;<\/p>\n<\/div>\n<div class=\"wpe-col-2\">\n<p><img loading=\"lazy\" decoding=\"async\" class=\"size-medium wp-image-169 aligncenter\" src=\"http:\/\/www.redevoluntariasitatiba.com.br\/cms\/wp-content\/uploads\/2018\/09\/cms-festa-do-caqui-caqui2-300x213.jpg\" alt=\"\" width=\"300\" height=\"213\" srcset=\"https:\/\/www.redevoluntariasitatiba.com.br\/cms\/wp-content\/uploads\/2018\/09\/cms-festa-do-caqui-caqui2-300x213.jpg 300w, https:\/\/www.redevoluntariasitatiba.com.br\/cms\/wp-content\/uploads\/2018\/09\/cms-festa-do-caqui-caqui2.jpg 508w\" sizes=\"auto, (max-width: 300px) 100vw, 300px\" \/><\/p>\n<\/div>\n<div class=\"wpe-col-3\">\n<p><img loading=\"lazy\" decoding=\"async\" class=\"alignnone size-medium wp-image-178\" src=\"http:\/\/www.redevoluntariasitatiba.com.br\/cms\/wp-content\/uploads\/2018\/10\/cms-photo-2018-05-09-09-18-39-copia-6-300x225.jpg\" alt=\"\" width=\"300\" height=\"225\" srcset=\"https:\/\/www.redevoluntariasitatiba.com.br\/cms\/wp-content\/uploads\/2018\/10\/cms-photo-2018-05-09-09-18-39-copia-6-300x225.jpg 300w, https:\/\/www.redevoluntariasitatiba.com.br\/cms\/wp-content\/uploads\/2018\/10\/cms-photo-2018-05-09-09-18-39-copia-6-768x576.jpg 768w, https:\/\/www.redevoluntariasitatiba.com.br\/cms\/wp-content\/uploads\/2018\/10\/cms-photo-2018-05-09-09-18-39-copia-6-1024x768.jpg 1024w, https:\/\/www.redevoluntariasitatiba.com.br\/cms\/wp-content\/uploads\/2018\/10\/cms-photo-2018-05-09-09-18-39-copia-6-285x214.jpg 285w, https:\/\/www.redevoluntariasitatiba.com.br\/cms\/wp-content\/uploads\/2018\/10\/cms-photo-2018-05-09-09-18-39-copia-6.jpg 1032w\" sizes=\"auto, (max-width: 300px) 100vw, 300px\" \/><img loading=\"lazy\" decoding=\"async\" class=\"size-medium wp-image-170 alignleft\" src=\"http:\/\/www.redevoluntariasitatiba.com.br\/cms\/wp-content\/uploads\/2018\/09\/cms-festa-do-caqui-caqui3-300x210.jpg\" alt=\"\" width=\"300\" height=\"210\" srcset=\"https:\/\/www.redevoluntariasitatiba.com.br\/cms\/wp-content\/uploads\/2018\/09\/cms-festa-do-caqui-caqui3-300x210.jpg 300w, https:\/\/www.redevoluntariasitatiba.com.br\/cms\/wp-content\/uploads\/2018\/09\/cms-festa-do-caqui-caqui3.jpg 513w\" sizes=\"auto, (max-width: 300px) 100vw, 300px\" \/><\/p>\n<\/div>\n<\/div>\n<p>&nbsp;<\/p>\n<p>&nbsp;<\/p>\n","protected":false},"excerpt":{"rendered":"<p>Em Abril, nos finais de semana 6,7 e 8 como tamb\u00e9m 13,14 e 15, aconteceu a tradicional Festa do Caqui, promovida pela Prefeitura, onde a REDE, como tem feito anualmente participou e com muito sucesso, gra\u00e7as a valiosa colabora\u00e7\u00e3o de seu time de volunt\u00e1rios, o que permitiu aumentar os recursos para a aquisi\u00e7\u00e3o de medicamentos <a href=\"https:\/\/www.redevoluntariasitatiba.com.br\/cms\/2018\/09\/27\/festa-do-caqui\/\" rel=\"nofollow\"><span class=\"sr-only\">Leia mais sobreFesta do Caqui<\/span>[&hellip;]<\/a><\/p>\n","protected":false},"author":5,"featured_media":178,"comment_status":"closed","ping_status":"closed","sticky":false,"template":"","format":"standard","meta":{"footnotes":""},"categories":[5,6],"tags":[],"class_list":["post-131","post","type-post","status-publish","format-standard","has-post-thumbnail","hentry","category-aconteceu","category-eventos"],"_links":{"self":[{"href":"https:\/\/www.redevoluntariasitatiba.com.br\/cms\/wp-json\/wp\/v2\/posts\/131","targetHints":{"allow":["GET"]}}],"collection":[{"href":"https:\/\/www.redevoluntariasitatiba.com.br\/cms\/wp-json\/wp\/v2\/posts"}],"about":[{"href":"https:\/\/www.redevoluntariasitatiba.com.br\/cms\/wp-json\/wp\/v2\/types\/post"}],"author":[{"embeddable":true,"href":"https:\/\/www.redevoluntariasitatiba.com.br\/cms\/wp-json\/wp\/v2\/users\/5"}],"replies":[{"embeddable":true,"href":"https:\/\/www.redevoluntariasitatiba.com.br\/cms\/wp-json\/wp\/v2\/comments?post=131"}],"version-history":[{"count":0,"href":"https:\/\/www.redevoluntariasitatiba.com.br\/cms\/wp-json\/wp\/v2\/posts\/131\/revisions"}],"wp:featuredmedia":[{"embeddable":true,"href":"https:\/\/www.redevoluntariasitatiba.com.br\/cms\/wp-json\/wp\/v2\/media\/178"}],"wp:attachment":[{"href":"https:\/\/www.redevoluntariasitatiba.com.br\/cms\/wp-json\/wp\/v2\/media?parent=131"}],"wp:term":[{"taxonomy":"category","embeddable":true,"href":"https:\/\/www.redevoluntariasitatiba.com.br\/cms\/wp-json\/wp\/v2\/categories?post=131"},{"taxonomy":"post_tag","embeddable":true,"href":"https:\/\/www.redevoluntariasitatiba.com.br\/cms\/wp-json\/wp\/v2\/tags?post=131"}],"curies":[{"name":"wp","href":"https:\/\/api.w.org\/{rel}","templated":true}]}}