{"id":1634,"date":"2022-04-18T14:15:34","date_gmt":"2022-04-18T17:15:34","guid":{"rendered":"http:\/\/www.redevoluntariasitatiba.com.br\/cms\/?p=1634"},"modified":"2022-04-18T14:15:34","modified_gmt":"2022-04-18T17:15:34","slug":"cancer-de-esofago","status":"publish","type":"post","link":"https:\/\/www.redevoluntariasitatiba.com.br\/cms\/2022\/04\/18\/cancer-de-esofago\/","title":{"rendered":"C\u00e2ncer de Es\u00f4fago"},"content":{"rendered":"<p>Por tr\u00e1s das advert\u00eancias de m\u00e9dicos e cientistas sobre a import\u00e2ncia de adotar um estilo de vida saud\u00e1vel, o que pressup\u00f5e deixar de lado h\u00e1bitos como fumar e beber em excesso, manter o peso equilibrado e praticar algum tipo de atividade f\u00edsica, est\u00e1 a rela\u00e7\u00e3o com um dos tumores mais graves e agressivos: o c\u00e2ncer de es\u00f4fago&#8230;.<\/p>\n<p>Saiba mais acessando &#8230;.<\/p>\n<p><a href=\"https:\/\/www.uol.com.br\/vivabem\/doencas-de-a-z\/cancer-de-esofago-o-que-e-causas-tratamentos-e-cuidados.htm\">https:\/\/www.uol.com.br\/vivabem\/doencas-de-a-z\/cancer-de-esofago-o-que-e-causas-tratamentos-e-cuidados.htm<\/a><\/p>\n","protected":false},"excerpt":{"rendered":"<p>Por tr\u00e1s das advert\u00eancias de m\u00e9dicos e cientistas sobre a import\u00e2ncia de adotar um estilo de vida saud\u00e1vel, o que pressup\u00f5e deixar de lado h\u00e1bitos como fumar e beber em excesso, manter o peso equilibrado e praticar algum tipo de atividade f\u00edsica, est\u00e1 a rela\u00e7\u00e3o com um dos tumores mais graves e agressivos: o c\u00e2ncer <a href=\"https:\/\/www.redevoluntariasitatiba.com.br\/cms\/2022\/04\/18\/cancer-de-esofago\/\" rel=\"nofollow\"><span class=\"sr-only\">Leia mais sobreC\u00e2ncer de Es\u00f4fago<\/span>[&hellip;]<\/a><\/p>\n","protected":false},"author":3,"featured_media":1630,"comment_status":"open","ping_status":"open","sticky":false,"template":"","format":"standard","meta":{"footnotes":""},"categories":[1],"tags":[],"class_list":["post-1634","post","type-post","status-publish","format-standard","has-post-thumbnail","hentry","category-sem-categoria"],"_links":{"self":[{"href":"https:\/\/www.redevoluntariasitatiba.com.br\/cms\/wp-json\/wp\/v2\/posts\/1634","targetHints":{"allow":["GET"]}}],"collection":[{"href":"https:\/\/www.redevoluntariasitatiba.com.br\/cms\/wp-json\/wp\/v2\/posts"}],"about":[{"href":"https:\/\/www.redevoluntariasitatiba.com.br\/cms\/wp-json\/wp\/v2\/types\/post"}],"author":[{"embeddable":true,"href":"https:\/\/www.redevoluntariasitatiba.com.br\/cms\/wp-json\/wp\/v2\/users\/3"}],"replies":[{"embeddable":true,"href":"https:\/\/www.redevoluntariasitatiba.com.br\/cms\/wp-json\/wp\/v2\/comments?post=1634"}],"version-history":[{"count":1,"href":"https:\/\/www.redevoluntariasitatiba.com.br\/cms\/wp-json\/wp\/v2\/posts\/1634\/revisions"}],"predecessor-version":[{"id":1635,"href":"https:\/\/www.redevoluntariasitatiba.com.br\/cms\/wp-json\/wp\/v2\/posts\/1634\/revisions\/1635"}],"wp:featuredmedia":[{"embeddable":true,"href":"https:\/\/www.redevoluntariasitatiba.com.br\/cms\/wp-json\/wp\/v2\/media\/1630"}],"wp:attachment":[{"href":"https:\/\/www.redevoluntariasitatiba.com.br\/cms\/wp-json\/wp\/v2\/media?parent=1634"}],"wp:term":[{"taxonomy":"category","embeddable":true,"href":"https:\/\/www.redevoluntariasitatiba.com.br\/cms\/wp-json\/wp\/v2\/categories?post=1634"},{"taxonomy":"post_tag","embeddable":true,"href":"https:\/\/www.redevoluntariasitatiba.com.br\/cms\/wp-json\/wp\/v2\/tags?post=1634"}],"curies":[{"name":"wp","href":"https:\/\/api.w.org\/{rel}","templated":true}]}}