{"id":1653,"date":"2022-06-07T19:18:00","date_gmt":"2022-06-07T22:18:00","guid":{"rendered":"http:\/\/www.redevoluntariasitatiba.com.br\/cms\/?p=1653"},"modified":"2022-06-07T19:20:21","modified_gmt":"2022-06-07T22:20:21","slug":"mieloma-multiplo","status":"publish","type":"post","link":"https:\/\/www.redevoluntariasitatiba.com.br\/cms\/2022\/06\/07\/mieloma-multiplo\/","title":{"rendered":"Mieloma Multiplo"},"content":{"rendered":"<p>O mieloma m\u00faltiplo \u00e9 um tipo de\u00a0<a href=\"https:\/\/www1.folha.uol.com.br\/folha-topicos\/cancer\/\" target=\"\" rel=\"noopener\">c\u00e2ncer<\/a>\u00a0do sangue que afeta o sistema hematol\u00f3gico, resultando, principalmente, em complica\u00e7\u00f5es nos rins e nos ossos \u2014com sintomas dif\u00edceis de serem diferenciados de outras v\u00e1rias doen\u00e7as.<br \/>\nPara saber mais, acesse<\/p>\n<p><a href=\"https:\/\/www1.folha.uol.com.br\/equilibrioesaude\/2022\/05\/o-cancer-raro-que-tem-dor-nas-costas-como-principal-sintoma.shtml?utm_source=sharenativo&amp;utm_medium=social&amp;utm_campaign=sharenativo\">https:\/\/www1.folha.uol.com.br\/equilibrioesaude\/2022\/05\/o-cancer-raro-que-tem-dor-nas-costas-<\/p>\n<p>como-principal-sintoma.shtml?utm_<\/a><\/p>\n","protected":false},"excerpt":{"rendered":"<p>O mieloma m\u00faltiplo \u00e9 um tipo de\u00a0c\u00e2ncer\u00a0do sangue que afeta o sistema hematol\u00f3gico, resultando, principalmente, em complica\u00e7\u00f5es nos rins e nos ossos \u2014com sintomas dif\u00edceis de serem diferenciados de outras v\u00e1rias doen\u00e7as. Para saber mais, acesse https:\/\/www1.folha.uol.com.br\/equilibrioesaude\/2022\/05\/o-cancer-raro-que-tem-dor-nas-costas- como-principal-sintoma.shtml?utm_<\/p>\n","protected":false},"author":3,"featured_media":1656,"comment_status":"open","ping_status":"open","sticky":false,"template":"","format":"standard","meta":{"footnotes":""},"categories":[3],"tags":[],"class_list":["post-1653","post","type-post","status-publish","format-standard","has-post-thumbnail","hentry","category-saude"],"_links":{"self":[{"href":"https:\/\/www.redevoluntariasitatiba.com.br\/cms\/wp-json\/wp\/v2\/posts\/1653","targetHints":{"allow":["GET"]}}],"collection":[{"href":"https:\/\/www.redevoluntariasitatiba.com.br\/cms\/wp-json\/wp\/v2\/posts"}],"about":[{"href":"https:\/\/www.redevoluntariasitatiba.com.br\/cms\/wp-json\/wp\/v2\/types\/post"}],"author":[{"embeddable":true,"href":"https:\/\/www.redevoluntariasitatiba.com.br\/cms\/wp-json\/wp\/v2\/users\/3"}],"replies":[{"embeddable":true,"href":"https:\/\/www.redevoluntariasitatiba.com.br\/cms\/wp-json\/wp\/v2\/comments?post=1653"}],"version-history":[{"count":4,"href":"https:\/\/www.redevoluntariasitatiba.com.br\/cms\/wp-json\/wp\/v2\/posts\/1653\/revisions"}],"predecessor-version":[{"id":1659,"href":"https:\/\/www.redevoluntariasitatiba.com.br\/cms\/wp-json\/wp\/v2\/posts\/1653\/revisions\/1659"}],"wp:featuredmedia":[{"embeddable":true,"href":"https:\/\/www.redevoluntariasitatiba.com.br\/cms\/wp-json\/wp\/v2\/media\/1656"}],"wp:attachment":[{"href":"https:\/\/www.redevoluntariasitatiba.com.br\/cms\/wp-json\/wp\/v2\/media?parent=1653"}],"wp:term":[{"taxonomy":"category","embeddable":true,"href":"https:\/\/www.redevoluntariasitatiba.com.br\/cms\/wp-json\/wp\/v2\/categories?post=1653"},{"taxonomy":"post_tag","embeddable":true,"href":"https:\/\/www.redevoluntariasitatiba.com.br\/cms\/wp-json\/wp\/v2\/tags?post=1653"}],"curies":[{"name":"wp","href":"https:\/\/api.w.org\/{rel}","templated":true}]}}