{"id":1661,"date":"2022-06-15T12:08:12","date_gmt":"2022-06-15T15:08:12","guid":{"rendered":"http:\/\/www.redevoluntariasitatiba.com.br\/cms\/?p=1661"},"modified":"2022-06-15T12:08:12","modified_gmt":"2022-06-15T15:08:12","slug":"cancer-de-esofago-2","status":"publish","type":"post","link":"https:\/\/www.redevoluntariasitatiba.com.br\/cms\/2022\/06\/15\/cancer-de-esofago-2\/","title":{"rendered":"C\u00e2ncer de es\u00f4fago (2)"},"content":{"rendered":"<div class=\"bbc-19j92fr essoxwk0\" dir=\"ltr\">\n<p class=\"bbc-bm53ic e1cc2ql70\" dir=\"ltr\"><b>\u00c9 a sexta causa mais comum de morte por c\u00e2ncer em todo o mundo, mas muitas pessoas n\u00e3o percebem que t\u00eam a doen\u00e7a.<\/b><\/p>\n<\/div>\n<div class=\"bbc-19j92fr essoxwk0\" dir=\"ltr\">\n<p class=\"bbc-bm53ic e1cc2ql70\" dir=\"ltr\">\u00c9 que o c\u00e2ncer de es\u00f4fago \u2014 tubo longo que transporta o alimento da garganta para o est\u00f4mago \u2014 n\u00e3o causa sintomas no in\u00edcio da enfermidade.<\/p>\n<p>Para saber mais, acesse o link<\/p>\n<p><a href=\"https:\/\/www.bbc.com\/portuguese\/geral-61806403\">https:\/\/www.bbc.com\/portuguese\/geral-61806403<\/a><\/p>\n<\/div>\n","protected":false},"excerpt":{"rendered":"<p>\u00c9 a sexta causa mais comum de morte por c\u00e2ncer em todo o mundo, mas muitas pessoas n\u00e3o percebem que t\u00eam a doen\u00e7a. \u00c9 que o c\u00e2ncer de es\u00f4fago \u2014 tubo longo que transporta o alimento da garganta para o est\u00f4mago \u2014 n\u00e3o causa sintomas no in\u00edcio da enfermidade. Para saber mais, acesse o link <a href=\"https:\/\/www.redevoluntariasitatiba.com.br\/cms\/2022\/06\/15\/cancer-de-esofago-2\/\" rel=\"nofollow\"><span class=\"sr-only\">Leia mais sobreC\u00e2ncer de es\u00f4fago (2)<\/span>[&hellip;]<\/a><\/p>\n","protected":false},"author":3,"featured_media":1663,"comment_status":"open","ping_status":"open","sticky":false,"template":"","format":"standard","meta":{"footnotes":""},"categories":[3],"tags":[],"class_list":["post-1661","post","type-post","status-publish","format-standard","has-post-thumbnail","hentry","category-saude"],"_links":{"self":[{"href":"https:\/\/www.redevoluntariasitatiba.com.br\/cms\/wp-json\/wp\/v2\/posts\/1661","targetHints":{"allow":["GET"]}}],"collection":[{"href":"https:\/\/www.redevoluntariasitatiba.com.br\/cms\/wp-json\/wp\/v2\/posts"}],"about":[{"href":"https:\/\/www.redevoluntariasitatiba.com.br\/cms\/wp-json\/wp\/v2\/types\/post"}],"author":[{"embeddable":true,"href":"https:\/\/www.redevoluntariasitatiba.com.br\/cms\/wp-json\/wp\/v2\/users\/3"}],"replies":[{"embeddable":true,"href":"https:\/\/www.redevoluntariasitatiba.com.br\/cms\/wp-json\/wp\/v2\/comments?post=1661"}],"version-history":[{"count":2,"href":"https:\/\/www.redevoluntariasitatiba.com.br\/cms\/wp-json\/wp\/v2\/posts\/1661\/revisions"}],"predecessor-version":[{"id":1664,"href":"https:\/\/www.redevoluntariasitatiba.com.br\/cms\/wp-json\/wp\/v2\/posts\/1661\/revisions\/1664"}],"wp:featuredmedia":[{"embeddable":true,"href":"https:\/\/www.redevoluntariasitatiba.com.br\/cms\/wp-json\/wp\/v2\/media\/1663"}],"wp:attachment":[{"href":"https:\/\/www.redevoluntariasitatiba.com.br\/cms\/wp-json\/wp\/v2\/media?parent=1661"}],"wp:term":[{"taxonomy":"category","embeddable":true,"href":"https:\/\/www.redevoluntariasitatiba.com.br\/cms\/wp-json\/wp\/v2\/categories?post=1661"},{"taxonomy":"post_tag","embeddable":true,"href":"https:\/\/www.redevoluntariasitatiba.com.br\/cms\/wp-json\/wp\/v2\/tags?post=1661"}],"curies":[{"name":"wp","href":"https:\/\/api.w.org\/{rel}","templated":true}]}}