{"id":1787,"date":"2022-11-18T12:29:54","date_gmt":"2022-11-18T15:29:54","guid":{"rendered":"https:\/\/www.redevoluntariasitatiba.com.br\/cms\/?p=1787"},"modified":"2022-11-18T12:29:54","modified_gmt":"2022-11-18T15:29:54","slug":"cancer-e-alimentacao","status":"publish","type":"post","link":"https:\/\/www.redevoluntariasitatiba.com.br\/cms\/2022\/11\/18\/cancer-e-alimentacao\/","title":{"rendered":"C\u00e2ncer e alimenta\u00e7\u00e3o"},"content":{"rendered":"<p>Quem recebe um diagn\u00f3stico de c\u00e2ncer precisa lidar com diversas mudan\u00e7as na rotina. Al\u00e9m de come\u00e7ar a usar medicamentos e fazer tratamentos oncol\u00f3gicos e, em alguns casos, cirurgia, quem tem a doen\u00e7a precisa mudar os h\u00e1bitos alimentares para contribuir com a melhora do quadro e aumentar o consumo de nutrientes para fortalecer a imunidade&#8230;. &#8211;<\/p>\n<p>Veja mais em<\/p>\n<p><a href=\"https:\/\/www.uol.com.br\/vivabem\/noticias\/redacao\/2020\/11\/30\/cancer-e-alimentacao-como-a-dieta-pode-contribuir-com-o-tratamento.htm\">https:\/\/www.uol.com.br\/vivabem\/noticias\/redacao\/2020\/11\/30\/cancer-e-alimentacao-como-a-dieta-pode-contribuir-com-o-tratamento.htm<\/a><\/p>\n","protected":false},"excerpt":{"rendered":"<p>Quem recebe um diagn\u00f3stico de c\u00e2ncer precisa lidar com diversas mudan\u00e7as na rotina. Al\u00e9m de come\u00e7ar a usar medicamentos e fazer tratamentos oncol\u00f3gicos e, em alguns casos, cirurgia, quem tem a doen\u00e7a precisa mudar os h\u00e1bitos alimentares para contribuir com a melhora do quadro e aumentar o consumo de nutrientes para fortalecer a imunidade&#8230;. &#8211; <a href=\"https:\/\/www.redevoluntariasitatiba.com.br\/cms\/2022\/11\/18\/cancer-e-alimentacao\/\" rel=\"nofollow\"><span class=\"sr-only\">Leia mais sobreC\u00e2ncer e alimenta\u00e7\u00e3o<\/span>[&hellip;]<\/a><\/p>\n","protected":false},"author":3,"featured_media":1790,"comment_status":"open","ping_status":"open","sticky":false,"template":"","format":"standard","meta":{"footnotes":""},"categories":[3],"tags":[],"class_list":["post-1787","post","type-post","status-publish","format-standard","has-post-thumbnail","hentry","category-saude"],"_links":{"self":[{"href":"https:\/\/www.redevoluntariasitatiba.com.br\/cms\/wp-json\/wp\/v2\/posts\/1787","targetHints":{"allow":["GET"]}}],"collection":[{"href":"https:\/\/www.redevoluntariasitatiba.com.br\/cms\/wp-json\/wp\/v2\/posts"}],"about":[{"href":"https:\/\/www.redevoluntariasitatiba.com.br\/cms\/wp-json\/wp\/v2\/types\/post"}],"author":[{"embeddable":true,"href":"https:\/\/www.redevoluntariasitatiba.com.br\/cms\/wp-json\/wp\/v2\/users\/3"}],"replies":[{"embeddable":true,"href":"https:\/\/www.redevoluntariasitatiba.com.br\/cms\/wp-json\/wp\/v2\/comments?post=1787"}],"version-history":[{"count":1,"href":"https:\/\/www.redevoluntariasitatiba.com.br\/cms\/wp-json\/wp\/v2\/posts\/1787\/revisions"}],"predecessor-version":[{"id":1788,"href":"https:\/\/www.redevoluntariasitatiba.com.br\/cms\/wp-json\/wp\/v2\/posts\/1787\/revisions\/1788"}],"wp:featuredmedia":[{"embeddable":true,"href":"https:\/\/www.redevoluntariasitatiba.com.br\/cms\/wp-json\/wp\/v2\/media\/1790"}],"wp:attachment":[{"href":"https:\/\/www.redevoluntariasitatiba.com.br\/cms\/wp-json\/wp\/v2\/media?parent=1787"}],"wp:term":[{"taxonomy":"category","embeddable":true,"href":"https:\/\/www.redevoluntariasitatiba.com.br\/cms\/wp-json\/wp\/v2\/categories?post=1787"},{"taxonomy":"post_tag","embeddable":true,"href":"https:\/\/www.redevoluntariasitatiba.com.br\/cms\/wp-json\/wp\/v2\/tags?post=1787"}],"curies":[{"name":"wp","href":"https:\/\/api.w.org\/{rel}","templated":true}]}}