{"id":1791,"date":"2022-11-21T10:47:52","date_gmt":"2022-11-21T13:47:52","guid":{"rendered":"https:\/\/www.redevoluntariasitatiba.com.br\/cms\/?p=1791"},"modified":"2022-11-21T11:06:17","modified_gmt":"2022-11-21T14:06:17","slug":"cancer-antes-dos-50-anos","status":"publish","type":"post","link":"https:\/\/www.redevoluntariasitatiba.com.br\/cms\/2022\/11\/21\/cancer-antes-dos-50-anos\/","title":{"rendered":"C\u00e2ncer antes dos 50 anos"},"content":{"rendered":"<p>Estudo recente, publicado na revista cient\u00edfica Nature Reviews Clinical Oncology, mostrou que pessoas nascidas ap\u00f3s 1990 s\u00e3o mais propensas a desenvolver c\u00e2ncer antes dos 50 anos de idade do que pessoas de gera\u00e7\u00f5es anteriores&#8230;..<\/p>\n<p>Para mais informa\u00e7\u00f5es, acesse<\/p>\n<p><a href=\"https:\/\/www.uol.com.br\/vivabem\/noticias\/bbc\/2022\/11\/11\/por-que-estao-aumentando-os-casos-de-cancer-entre-os-menores-de-50-anos-em-todo-o-mundo.htm\">https:\/\/www.uol.com.br\/vivabem\/noticias\/bbc<\/a><\/p>\n","protected":false},"excerpt":{"rendered":"<p>Estudo recente, publicado na revista cient\u00edfica Nature Reviews Clinical Oncology, mostrou que pessoas nascidas ap\u00f3s 1990 s\u00e3o mais propensas a desenvolver c\u00e2ncer antes dos 50 anos de idade do que pessoas de gera\u00e7\u00f5es anteriores&#8230;.. Para mais informa\u00e7\u00f5es, acesse https:\/\/www.uol.com.br\/vivabem\/noticias\/bbc<\/p>\n","protected":false},"author":3,"featured_media":399,"comment_status":"open","ping_status":"open","sticky":false,"template":"","format":"standard","meta":{"footnotes":""},"categories":[3],"tags":[],"class_list":["post-1791","post","type-post","status-publish","format-standard","has-post-thumbnail","hentry","category-saude"],"_links":{"self":[{"href":"https:\/\/www.redevoluntariasitatiba.com.br\/cms\/wp-json\/wp\/v2\/posts\/1791","targetHints":{"allow":["GET"]}}],"collection":[{"href":"https:\/\/www.redevoluntariasitatiba.com.br\/cms\/wp-json\/wp\/v2\/posts"}],"about":[{"href":"https:\/\/www.redevoluntariasitatiba.com.br\/cms\/wp-json\/wp\/v2\/types\/post"}],"author":[{"embeddable":true,"href":"https:\/\/www.redevoluntariasitatiba.com.br\/cms\/wp-json\/wp\/v2\/users\/3"}],"replies":[{"embeddable":true,"href":"https:\/\/www.redevoluntariasitatiba.com.br\/cms\/wp-json\/wp\/v2\/comments?post=1791"}],"version-history":[{"count":4,"href":"https:\/\/www.redevoluntariasitatiba.com.br\/cms\/wp-json\/wp\/v2\/posts\/1791\/revisions"}],"predecessor-version":[{"id":1798,"href":"https:\/\/www.redevoluntariasitatiba.com.br\/cms\/wp-json\/wp\/v2\/posts\/1791\/revisions\/1798"}],"wp:featuredmedia":[{"embeddable":true,"href":"https:\/\/www.redevoluntariasitatiba.com.br\/cms\/wp-json\/wp\/v2\/media\/399"}],"wp:attachment":[{"href":"https:\/\/www.redevoluntariasitatiba.com.br\/cms\/wp-json\/wp\/v2\/media?parent=1791"}],"wp:term":[{"taxonomy":"category","embeddable":true,"href":"https:\/\/www.redevoluntariasitatiba.com.br\/cms\/wp-json\/wp\/v2\/categories?post=1791"},{"taxonomy":"post_tag","embeddable":true,"href":"https:\/\/www.redevoluntariasitatiba.com.br\/cms\/wp-json\/wp\/v2\/tags?post=1791"}],"curies":[{"name":"wp","href":"https:\/\/api.w.org\/{rel}","templated":true}]}}