{"id":1810,"date":"2023-01-15T19:49:54","date_gmt":"2023-01-15T22:49:54","guid":{"rendered":"https:\/\/www.redevoluntariasitatiba.com.br\/cms\/?p=1810"},"modified":"2023-01-15T19:49:54","modified_gmt":"2023-01-15T22:49:54","slug":"cancer-de-pancreas","status":"publish","type":"post","link":"https:\/\/www.redevoluntariasitatiba.com.br\/cms\/2023\/01\/15\/cancer-de-pancreas\/","title":{"rendered":"C\u00e2ncer de pancreas"},"content":{"rendered":"<p>Al\u00e9m da conscientiza\u00e7\u00e3o sobre o c\u00e2ncer de pr\u00f3stata, \u00e9 importante saber sobre o c\u00e2ncer de p\u00e2ncreas. Segundo o Inca (Instituto Nacional de C\u00e2ncer), o c\u00e2ncer de p\u00e2ncreas \u00e9 respons\u00e1vel por 2% de todos os diagn\u00f3sticos e 4% do total de mortes por c\u00e2ncer&#8230;.<\/p>\n<p>Para saber mais, visite &#8230;<\/p>\n<p><a href=\"https:\/\/www.uol.com.br\/vivabem\/noticias\/redacao\/2022\/11\/26\/cancer-de-pancreas-e-silencioso-dor-nas-costas-pode-ser-sinal-da-doenca.htm\">https:\/\/www.uol.com.br\/vivabem\/noticias\/redacao\/2022\/11\/26\/cancer-de-pancreas-e-silencioso-dor-nas-costas-pode-ser-sinal-da-doenca.htm<\/a><\/p>\n","protected":false},"excerpt":{"rendered":"<p>Al\u00e9m da conscientiza\u00e7\u00e3o sobre o c\u00e2ncer de pr\u00f3stata, \u00e9 importante saber sobre o c\u00e2ncer de p\u00e2ncreas. Segundo o Inca (Instituto Nacional de C\u00e2ncer), o c\u00e2ncer de p\u00e2ncreas \u00e9 respons\u00e1vel por 2% de todos os diagn\u00f3sticos e 4% do total de mortes por c\u00e2ncer&#8230;. Para saber mais, visite &#8230; https:\/\/www.uol.com.br\/vivabem\/noticias\/redacao\/2022\/11\/26\/cancer-de-pancreas-e-silencioso-dor-nas-costas-pode-ser-sinal-da-doenca.htm<\/p>\n","protected":false},"author":3,"featured_media":1812,"comment_status":"open","ping_status":"open","sticky":false,"template":"","format":"standard","meta":{"footnotes":""},"categories":[1],"tags":[],"class_list":["post-1810","post","type-post","status-publish","format-standard","has-post-thumbnail","hentry","category-sem-categoria"],"_links":{"self":[{"href":"https:\/\/www.redevoluntariasitatiba.com.br\/cms\/wp-json\/wp\/v2\/posts\/1810","targetHints":{"allow":["GET"]}}],"collection":[{"href":"https:\/\/www.redevoluntariasitatiba.com.br\/cms\/wp-json\/wp\/v2\/posts"}],"about":[{"href":"https:\/\/www.redevoluntariasitatiba.com.br\/cms\/wp-json\/wp\/v2\/types\/post"}],"author":[{"embeddable":true,"href":"https:\/\/www.redevoluntariasitatiba.com.br\/cms\/wp-json\/wp\/v2\/users\/3"}],"replies":[{"embeddable":true,"href":"https:\/\/www.redevoluntariasitatiba.com.br\/cms\/wp-json\/wp\/v2\/comments?post=1810"}],"version-history":[{"count":1,"href":"https:\/\/www.redevoluntariasitatiba.com.br\/cms\/wp-json\/wp\/v2\/posts\/1810\/revisions"}],"predecessor-version":[{"id":1811,"href":"https:\/\/www.redevoluntariasitatiba.com.br\/cms\/wp-json\/wp\/v2\/posts\/1810\/revisions\/1811"}],"wp:featuredmedia":[{"embeddable":true,"href":"https:\/\/www.redevoluntariasitatiba.com.br\/cms\/wp-json\/wp\/v2\/media\/1812"}],"wp:attachment":[{"href":"https:\/\/www.redevoluntariasitatiba.com.br\/cms\/wp-json\/wp\/v2\/media?parent=1810"}],"wp:term":[{"taxonomy":"category","embeddable":true,"href":"https:\/\/www.redevoluntariasitatiba.com.br\/cms\/wp-json\/wp\/v2\/categories?post=1810"},{"taxonomy":"post_tag","embeddable":true,"href":"https:\/\/www.redevoluntariasitatiba.com.br\/cms\/wp-json\/wp\/v2\/tags?post=1810"}],"curies":[{"name":"wp","href":"https:\/\/api.w.org\/{rel}","templated":true}]}}