{"id":1814,"date":"2023-02-03T22:34:02","date_gmt":"2023-02-04T01:34:02","guid":{"rendered":"https:\/\/www.redevoluntariasitatiba.com.br\/cms\/?p=1814"},"modified":"2023-02-03T22:36:06","modified_gmt":"2023-02-04T01:36:06","slug":"dia-mundial-do-cancer","status":"publish","type":"post","link":"https:\/\/www.redevoluntariasitatiba.com.br\/cms\/2023\/02\/03\/dia-mundial-do-cancer\/","title":{"rendered":"Dia Mundial do C\u00e2ncer"},"content":{"rendered":"<p>O c\u00e2ncer \u00e9 a segunda principal causa de mortes em todo o mundo. Mas, a cada ano, novas formas de diagn\u00f3stico, tratamento e preven\u00e7\u00e3o est\u00e3o surgindo em decorr\u00eancia do avan\u00e7o da ci\u00eancia e das novas tecnologias. A grande quest\u00e3o \u00e9: todas as pessoas ter\u00e3o acesso a esses cuidados e de forma adequada?<\/p>\n<p>Por isso, para marcar o Dia Mundial do C\u00e2ncer neste 4 de fevereiro, a\u00a0<em>Union for International Cancer Control\u00a0<\/em>(UICC \u2013 em portugu\u00eas, Uni\u00e3o Internacional para o Controle do C\u00e2ncer) lan\u00e7ou a campanha global \u201cPor cuidados mais justos\u201d, com dura\u00e7\u00e3o de tr\u00eas anos \u2013 de 2022 a 2024.<\/p>\n<p>Para saber mais, acesse<\/p>\n<p><a href=\"https:\/\/accamargo.org.br\/sobre-o-cancer\/noticias\/dia-mundial-do-cancer-por-cuidados-mais-justos\">https:\/\/accamargo.org.br\/sobre-o-cancer\/noticias\/dia-mundial-do-cancer-por-cuidados-mais-justos<\/a><\/p>\n","protected":false},"excerpt":{"rendered":"<p>O c\u00e2ncer \u00e9 a segunda principal causa de mortes em todo o mundo. Mas, a cada ano, novas formas de diagn\u00f3stico, tratamento e preven\u00e7\u00e3o est\u00e3o surgindo em decorr\u00eancia do avan\u00e7o da ci\u00eancia e das novas tecnologias. A grande quest\u00e3o \u00e9: todas as pessoas ter\u00e3o acesso a esses cuidados e de forma adequada? Por isso, para <a href=\"https:\/\/www.redevoluntariasitatiba.com.br\/cms\/2023\/02\/03\/dia-mundial-do-cancer\/\" rel=\"nofollow\"><span class=\"sr-only\">Leia mais sobreDia Mundial do C\u00e2ncer<\/span>[&hellip;]<\/a><\/p>\n","protected":false},"author":3,"featured_media":1816,"comment_status":"open","ping_status":"open","sticky":false,"template":"","format":"standard","meta":{"footnotes":""},"categories":[3],"tags":[],"class_list":["post-1814","post","type-post","status-publish","format-standard","has-post-thumbnail","hentry","category-saude"],"_links":{"self":[{"href":"https:\/\/www.redevoluntariasitatiba.com.br\/cms\/wp-json\/wp\/v2\/posts\/1814","targetHints":{"allow":["GET"]}}],"collection":[{"href":"https:\/\/www.redevoluntariasitatiba.com.br\/cms\/wp-json\/wp\/v2\/posts"}],"about":[{"href":"https:\/\/www.redevoluntariasitatiba.com.br\/cms\/wp-json\/wp\/v2\/types\/post"}],"author":[{"embeddable":true,"href":"https:\/\/www.redevoluntariasitatiba.com.br\/cms\/wp-json\/wp\/v2\/users\/3"}],"replies":[{"embeddable":true,"href":"https:\/\/www.redevoluntariasitatiba.com.br\/cms\/wp-json\/wp\/v2\/comments?post=1814"}],"version-history":[{"count":1,"href":"https:\/\/www.redevoluntariasitatiba.com.br\/cms\/wp-json\/wp\/v2\/posts\/1814\/revisions"}],"predecessor-version":[{"id":1815,"href":"https:\/\/www.redevoluntariasitatiba.com.br\/cms\/wp-json\/wp\/v2\/posts\/1814\/revisions\/1815"}],"wp:featuredmedia":[{"embeddable":true,"href":"https:\/\/www.redevoluntariasitatiba.com.br\/cms\/wp-json\/wp\/v2\/media\/1816"}],"wp:attachment":[{"href":"https:\/\/www.redevoluntariasitatiba.com.br\/cms\/wp-json\/wp\/v2\/media?parent=1814"}],"wp:term":[{"taxonomy":"category","embeddable":true,"href":"https:\/\/www.redevoluntariasitatiba.com.br\/cms\/wp-json\/wp\/v2\/categories?post=1814"},{"taxonomy":"post_tag","embeddable":true,"href":"https:\/\/www.redevoluntariasitatiba.com.br\/cms\/wp-json\/wp\/v2\/tags?post=1814"}],"curies":[{"name":"wp","href":"https:\/\/api.w.org\/{rel}","templated":true}]}}