{"id":1821,"date":"2023-03-06T22:16:23","date_gmt":"2023-03-07T01:16:23","guid":{"rendered":"https:\/\/www.redevoluntariasitatiba.com.br\/cms\/?p=1821"},"modified":"2023-03-06T22:16:23","modified_gmt":"2023-03-07T01:16:23","slug":"cancer-de-pulmao-sinais","status":"publish","type":"post","link":"https:\/\/www.redevoluntariasitatiba.com.br\/cms\/2023\/03\/06\/cancer-de-pulmao-sinais\/","title":{"rendered":"Cancer de Pulm\u00e3o &#8211; sinais"},"content":{"rendered":"<p>Considerados pela OMS (Organiza\u00e7\u00e3o Mundial da Sa\u00fade) como a principal causa de mortes por c\u00e2ncer em 2020, os tumores de pulm\u00e3o fizeram 1,8 milh\u00e3o de v\u00edtimas nesse mesmo ano, de acordo com a entidade. \u00c9 o segundo tipo de c\u00e2ncer mais prevalente no mundo (perdendo para c\u00e2ncer de mama), com 2,21 milh\u00f5es de casos diagnosticados no mesmo per\u00edodo. No Brasil, os dados mais recentes do Inca (Instituto Nacional do C\u00e2ncer) indicam que o c\u00e2ncer de pulm\u00e3o \u00e9 o quarto mais frequente entre a popula\u00e7\u00e3o (com exce\u00e7\u00e3o do c\u00e2ncer de pele do tipo n\u00e3o melanoma, considerado o mais frequente no pa\u00eds)&#8230;. &#8211; Veja mais em<\/p>\n<p><a href=\"https:\/\/www.uol.com.br\/vivabem\/noticias\/redacao\/2023\/03\/06\/maioria-dos-casos-de-cancer-de-pulmao-nao-da-sinais-iniciais-saiba-mais.htm\">https:\/\/www.uol.com.br\/vivabem\/noticias\/redacao\/2023\/03\/06\/maioria-dos-casos-de-cancer-de-pulmao-nao-da-sinais-iniciais-saiba-mais.htm<\/a><\/p>\n","protected":false},"excerpt":{"rendered":"<p>Considerados pela OMS (Organiza\u00e7\u00e3o Mundial da Sa\u00fade) como a principal causa de mortes por c\u00e2ncer em 2020, os tumores de pulm\u00e3o fizeram 1,8 milh\u00e3o de v\u00edtimas nesse mesmo ano, de acordo com a entidade. \u00c9 o segundo tipo de c\u00e2ncer mais prevalente no mundo (perdendo para c\u00e2ncer de mama), com 2,21 milh\u00f5es de casos diagnosticados <a href=\"https:\/\/www.redevoluntariasitatiba.com.br\/cms\/2023\/03\/06\/cancer-de-pulmao-sinais\/\" rel=\"nofollow\"><span class=\"sr-only\">Leia mais sobreCancer de Pulm\u00e3o &#8211; sinais<\/span>[&hellip;]<\/a><\/p>\n","protected":false},"author":3,"featured_media":737,"comment_status":"open","ping_status":"open","sticky":false,"template":"","format":"standard","meta":{"footnotes":""},"categories":[3],"tags":[],"class_list":["post-1821","post","type-post","status-publish","format-standard","has-post-thumbnail","hentry","category-saude"],"_links":{"self":[{"href":"https:\/\/www.redevoluntariasitatiba.com.br\/cms\/wp-json\/wp\/v2\/posts\/1821","targetHints":{"allow":["GET"]}}],"collection":[{"href":"https:\/\/www.redevoluntariasitatiba.com.br\/cms\/wp-json\/wp\/v2\/posts"}],"about":[{"href":"https:\/\/www.redevoluntariasitatiba.com.br\/cms\/wp-json\/wp\/v2\/types\/post"}],"author":[{"embeddable":true,"href":"https:\/\/www.redevoluntariasitatiba.com.br\/cms\/wp-json\/wp\/v2\/users\/3"}],"replies":[{"embeddable":true,"href":"https:\/\/www.redevoluntariasitatiba.com.br\/cms\/wp-json\/wp\/v2\/comments?post=1821"}],"version-history":[{"count":3,"href":"https:\/\/www.redevoluntariasitatiba.com.br\/cms\/wp-json\/wp\/v2\/posts\/1821\/revisions"}],"predecessor-version":[{"id":1834,"href":"https:\/\/www.redevoluntariasitatiba.com.br\/cms\/wp-json\/wp\/v2\/posts\/1821\/revisions\/1834"}],"wp:featuredmedia":[{"embeddable":true,"href":"https:\/\/www.redevoluntariasitatiba.com.br\/cms\/wp-json\/wp\/v2\/media\/737"}],"wp:attachment":[{"href":"https:\/\/www.redevoluntariasitatiba.com.br\/cms\/wp-json\/wp\/v2\/media?parent=1821"}],"wp:term":[{"taxonomy":"category","embeddable":true,"href":"https:\/\/www.redevoluntariasitatiba.com.br\/cms\/wp-json\/wp\/v2\/categories?post=1821"},{"taxonomy":"post_tag","embeddable":true,"href":"https:\/\/www.redevoluntariasitatiba.com.br\/cms\/wp-json\/wp\/v2\/tags?post=1821"}],"curies":[{"name":"wp","href":"https:\/\/api.w.org\/{rel}","templated":true}]}}