{"id":1864,"date":"2023-06-07T10:23:01","date_gmt":"2023-06-07T13:23:01","guid":{"rendered":"https:\/\/www.redevoluntariasitatiba.com.br\/cms\/?p=1864"},"modified":"2023-06-07T10:23:01","modified_gmt":"2023-06-07T13:23:01","slug":"o-que-explica","status":"publish","type":"post","link":"https:\/\/www.redevoluntariasitatiba.com.br\/cms\/2023\/06\/07\/o-que-explica\/","title":{"rendered":"O que explica??"},"content":{"rendered":"<p class=\"styles__ParagraphStyled-rhi54a-0 bUErhD\">N\u00e3o \u00e9 apenas a popula\u00e7\u00e3o geral e leiga que se assusta com o aumento crescente de casos de <a href=\"https:\/\/www.estadao.com.br\/tudo-sobre\/cancer\/\" target=\"_blank\" rel=\"noopener\"><strong>tumor de intestino<\/strong><\/a>\u00a0entre pacientes mais jovens, fen\u00f4meno evidenciado pelos diagn\u00f3sticos de personalidades como as cantoras\u00a0<strong>Preta Gil<\/strong>\u00a0e\u00a0<strong>Simony<\/strong>\u00a0e pela morte do ator americano\u00a0<strong>Chadwick Boseman<\/strong>\u00a0aos 43 anos. Alguns dos maiores especialistas em oncologia do mundo tamb\u00e9m veem o cen\u00e1rio com preocupa\u00e7\u00e3o e tentam entender o que motiva a alta de casos nos \u00faltimos anos.<\/p>\n<p>Para saber mais, leia<\/p>\n<p><a href=\"https:\/\/www.estadao.com.br\/saude\/cancer-de-intestino-excesso-de-antibioticos-e-outros-fatores-podem-explicar-alta-entre-jovens-veja-quais\/\">https:\/\/www.estadao.com.br\/saude\/cancer-de-intestino-excesso-de-antibioticos-e-outros-fatores-podem-explicar-alta-entre-jovens-veja-quais\/<\/a><\/p>\n<figure class=\"styles__FigureImageWrapper-b6bp58-0 dVDQKl figure-image-wrapper \"><\/figure>\n","protected":false},"excerpt":{"rendered":"<p>N\u00e3o \u00e9 apenas a popula\u00e7\u00e3o geral e leiga que se assusta com o aumento crescente de casos de tumor de intestino\u00a0entre pacientes mais jovens, fen\u00f4meno evidenciado pelos diagn\u00f3sticos de personalidades como as cantoras\u00a0Preta Gil\u00a0e\u00a0Simony\u00a0e pela morte do ator americano\u00a0Chadwick Boseman\u00a0aos 43 anos. Alguns dos maiores especialistas em oncologia do mundo tamb\u00e9m veem o cen\u00e1rio com <a href=\"https:\/\/www.redevoluntariasitatiba.com.br\/cms\/2023\/06\/07\/o-que-explica\/\" rel=\"nofollow\"><span class=\"sr-only\">Leia mais sobreO que explica??<\/span>[&hellip;]<\/a><\/p>\n","protected":false},"author":3,"featured_media":1686,"comment_status":"open","ping_status":"open","sticky":false,"template":"","format":"standard","meta":{"footnotes":""},"categories":[3],"tags":[],"class_list":["post-1864","post","type-post","status-publish","format-standard","has-post-thumbnail","hentry","category-saude"],"_links":{"self":[{"href":"https:\/\/www.redevoluntariasitatiba.com.br\/cms\/wp-json\/wp\/v2\/posts\/1864","targetHints":{"allow":["GET"]}}],"collection":[{"href":"https:\/\/www.redevoluntariasitatiba.com.br\/cms\/wp-json\/wp\/v2\/posts"}],"about":[{"href":"https:\/\/www.redevoluntariasitatiba.com.br\/cms\/wp-json\/wp\/v2\/types\/post"}],"author":[{"embeddable":true,"href":"https:\/\/www.redevoluntariasitatiba.com.br\/cms\/wp-json\/wp\/v2\/users\/3"}],"replies":[{"embeddable":true,"href":"https:\/\/www.redevoluntariasitatiba.com.br\/cms\/wp-json\/wp\/v2\/comments?post=1864"}],"version-history":[{"count":3,"href":"https:\/\/www.redevoluntariasitatiba.com.br\/cms\/wp-json\/wp\/v2\/posts\/1864\/revisions"}],"predecessor-version":[{"id":1867,"href":"https:\/\/www.redevoluntariasitatiba.com.br\/cms\/wp-json\/wp\/v2\/posts\/1864\/revisions\/1867"}],"wp:featuredmedia":[{"embeddable":true,"href":"https:\/\/www.redevoluntariasitatiba.com.br\/cms\/wp-json\/wp\/v2\/media\/1686"}],"wp:attachment":[{"href":"https:\/\/www.redevoluntariasitatiba.com.br\/cms\/wp-json\/wp\/v2\/media?parent=1864"}],"wp:term":[{"taxonomy":"category","embeddable":true,"href":"https:\/\/www.redevoluntariasitatiba.com.br\/cms\/wp-json\/wp\/v2\/categories?post=1864"},{"taxonomy":"post_tag","embeddable":true,"href":"https:\/\/www.redevoluntariasitatiba.com.br\/cms\/wp-json\/wp\/v2\/tags?post=1864"}],"curies":[{"name":"wp","href":"https:\/\/api.w.org\/{rel}","templated":true}]}}