{"id":1868,"date":"2023-06-07T10:37:01","date_gmt":"2023-06-07T13:37:01","guid":{"rendered":"https:\/\/www.redevoluntariasitatiba.com.br\/cms\/?p=1868"},"modified":"2023-06-07T10:37:01","modified_gmt":"2023-06-07T13:37:01","slug":"mantenha-a-forma","status":"publish","type":"post","link":"https:\/\/www.redevoluntariasitatiba.com.br\/cms\/2023\/06\/07\/mantenha-a-forma\/","title":{"rendered":"Mantenha a forma&#8230;."},"content":{"rendered":"<p>Para os m\u00fasculos, nem o c\u00e2ncer, nem o seu tratamento facilitam as coisas. O pr\u00f3prio tumor maligno provoca o aparecimento de subst\u00e2ncias que, de um jeito ou de outro, podem levar a musculatura a encolher. &#8230; &#8211; Veja mais &#8230;&#8230;<\/p>\n<p><a href=\"https:\/\/www.uol.com.br\/vivabem\/colunas\/lucia-helena\/2023\/06\/07\/ciencia-estuda-como-manter-a-massa-muscular-durante-o-tratamento-do-cancer.htm\">https:\/\/www.uol.com.br\/vivabem\/colunas\/lucia-helena\/2023\/06\/07\/ciencia-estuda-como-manter-a-massa-muscular-durante-o-tratamento-do-cancer.htm<\/a><\/p>\n","protected":false},"excerpt":{"rendered":"<p>Para os m\u00fasculos, nem o c\u00e2ncer, nem o seu tratamento facilitam as coisas. O pr\u00f3prio tumor maligno provoca o aparecimento de subst\u00e2ncias que, de um jeito ou de outro, podem levar a musculatura a encolher. &#8230; &#8211; Veja mais &#8230;&#8230; https:\/\/www.uol.com.br\/vivabem\/colunas\/lucia-helena\/2023\/06\/07\/ciencia-estuda-como-manter-a-massa-muscular-durante-o-tratamento-do-cancer.htm<\/p>\n","protected":false},"author":3,"featured_media":1432,"comment_status":"open","ping_status":"open","sticky":false,"template":"","format":"standard","meta":{"footnotes":""},"categories":[3],"tags":[],"class_list":["post-1868","post","type-post","status-publish","format-standard","has-post-thumbnail","hentry","category-saude"],"_links":{"self":[{"href":"https:\/\/www.redevoluntariasitatiba.com.br\/cms\/wp-json\/wp\/v2\/posts\/1868","targetHints":{"allow":["GET"]}}],"collection":[{"href":"https:\/\/www.redevoluntariasitatiba.com.br\/cms\/wp-json\/wp\/v2\/posts"}],"about":[{"href":"https:\/\/www.redevoluntariasitatiba.com.br\/cms\/wp-json\/wp\/v2\/types\/post"}],"author":[{"embeddable":true,"href":"https:\/\/www.redevoluntariasitatiba.com.br\/cms\/wp-json\/wp\/v2\/users\/3"}],"replies":[{"embeddable":true,"href":"https:\/\/www.redevoluntariasitatiba.com.br\/cms\/wp-json\/wp\/v2\/comments?post=1868"}],"version-history":[{"count":2,"href":"https:\/\/www.redevoluntariasitatiba.com.br\/cms\/wp-json\/wp\/v2\/posts\/1868\/revisions"}],"predecessor-version":[{"id":1870,"href":"https:\/\/www.redevoluntariasitatiba.com.br\/cms\/wp-json\/wp\/v2\/posts\/1868\/revisions\/1870"}],"wp:featuredmedia":[{"embeddable":true,"href":"https:\/\/www.redevoluntariasitatiba.com.br\/cms\/wp-json\/wp\/v2\/media\/1432"}],"wp:attachment":[{"href":"https:\/\/www.redevoluntariasitatiba.com.br\/cms\/wp-json\/wp\/v2\/media?parent=1868"}],"wp:term":[{"taxonomy":"category","embeddable":true,"href":"https:\/\/www.redevoluntariasitatiba.com.br\/cms\/wp-json\/wp\/v2\/categories?post=1868"},{"taxonomy":"post_tag","embeddable":true,"href":"https:\/\/www.redevoluntariasitatiba.com.br\/cms\/wp-json\/wp\/v2\/tags?post=1868"}],"curies":[{"name":"wp","href":"https:\/\/api.w.org\/{rel}","templated":true}]}}