{"id":1948,"date":"2023-10-24T12:12:57","date_gmt":"2023-10-24T15:12:57","guid":{"rendered":"https:\/\/www.redevoluntariasitatiba.com.br\/cms\/?p=1948"},"modified":"2023-10-24T12:12:57","modified_gmt":"2023-10-24T15:12:57","slug":"aumento-cancer-colorretal","status":"publish","type":"post","link":"https:\/\/www.redevoluntariasitatiba.com.br\/cms\/2023\/10\/24\/aumento-cancer-colorretal\/","title":{"rendered":"Aumento C\u00e2ncer Colorretal"},"content":{"rendered":"<p>Publicado na revista cient\u00edfica <a href=\"https:\/\/journals.plos.org\/plosone\/article?id=10.1371\/journal.pone.0289675\">Plos One<\/a>, um estudo realizado por pesquisadores da Escola Nacional de Sa\u00fade P\u00fablica (Ensp\/Fiocruz), do Instituto Nacional do C\u00e2ncer (Inca) e da Universidade da Calif\u00f3rnia San Diego , <strong>mostrou que, entre 1990 e 2019, a mortalidade por <a href=\"https:\/\/www.estadao.com.br\/tudo-sobre\/cancer\" target=\"_blank\" rel=\"noopener\">c\u00e2ncer<\/a>\u00a0 colorretal na Am\u00e9rica Latina cresceu 20,5%.<\/strong><\/p>\n<p>Para saber mais, acesse&#8230;.<\/p>\n<p><a href=\"https:\/\/www.estadao.com.br\/saude\/mortes-por-cancer-colorretal-crescem-205-em-30-anos-na-america-latina\/?utm_source=estadao:app&amp;utm_medium=noticia:compartilhamento\">https:\/\/www.estadao.com.br\/saude\/mortes-por-cancer-colorretal-crescem-205-em-30-anos-na-america-latina\/?utm_source=estadao:app&amp;utm_medium=noticia:compartilhamento<\/a><\/p>\n","protected":false},"excerpt":{"rendered":"<p>Publicado na revista cient\u00edfica Plos One, um estudo realizado por pesquisadores da Escola Nacional de Sa\u00fade P\u00fablica (Ensp\/Fiocruz), do Instituto Nacional do C\u00e2ncer (Inca) e da Universidade da Calif\u00f3rnia San Diego , mostrou que, entre 1990 e 2019, a mortalidade por c\u00e2ncer\u00a0 colorretal na Am\u00e9rica Latina cresceu 20,5%. Para saber mais, acesse&#8230;. https:\/\/www.estadao.com.br\/saude\/mortes-por-cancer-colorretal-crescem-205-em-30-anos-na-america-latina\/?utm_source=estadao:app&amp;utm_medium=noticia:compartilhamento<\/p>\n","protected":false},"author":3,"featured_media":1686,"comment_status":"open","ping_status":"open","sticky":false,"template":"","format":"standard","meta":{"footnotes":""},"categories":[1],"tags":[],"class_list":["post-1948","post","type-post","status-publish","format-standard","has-post-thumbnail","hentry","category-sem-categoria"],"_links":{"self":[{"href":"https:\/\/www.redevoluntariasitatiba.com.br\/cms\/wp-json\/wp\/v2\/posts\/1948","targetHints":{"allow":["GET"]}}],"collection":[{"href":"https:\/\/www.redevoluntariasitatiba.com.br\/cms\/wp-json\/wp\/v2\/posts"}],"about":[{"href":"https:\/\/www.redevoluntariasitatiba.com.br\/cms\/wp-json\/wp\/v2\/types\/post"}],"author":[{"embeddable":true,"href":"https:\/\/www.redevoluntariasitatiba.com.br\/cms\/wp-json\/wp\/v2\/users\/3"}],"replies":[{"embeddable":true,"href":"https:\/\/www.redevoluntariasitatiba.com.br\/cms\/wp-json\/wp\/v2\/comments?post=1948"}],"version-history":[{"count":3,"href":"https:\/\/www.redevoluntariasitatiba.com.br\/cms\/wp-json\/wp\/v2\/posts\/1948\/revisions"}],"predecessor-version":[{"id":1951,"href":"https:\/\/www.redevoluntariasitatiba.com.br\/cms\/wp-json\/wp\/v2\/posts\/1948\/revisions\/1951"}],"wp:featuredmedia":[{"embeddable":true,"href":"https:\/\/www.redevoluntariasitatiba.com.br\/cms\/wp-json\/wp\/v2\/media\/1686"}],"wp:attachment":[{"href":"https:\/\/www.redevoluntariasitatiba.com.br\/cms\/wp-json\/wp\/v2\/media?parent=1948"}],"wp:term":[{"taxonomy":"category","embeddable":true,"href":"https:\/\/www.redevoluntariasitatiba.com.br\/cms\/wp-json\/wp\/v2\/categories?post=1948"},{"taxonomy":"post_tag","embeddable":true,"href":"https:\/\/www.redevoluntariasitatiba.com.br\/cms\/wp-json\/wp\/v2\/tags?post=1948"}],"curies":[{"name":"wp","href":"https:\/\/api.w.org\/{rel}","templated":true}]}}