{"id":1971,"date":"2024-01-15T15:57:40","date_gmt":"2024-01-15T18:57:40","guid":{"rendered":"https:\/\/www.redevoluntariasitatiba.com.br\/cms\/?p=1971"},"modified":"2024-01-15T15:57:40","modified_gmt":"2024-01-15T18:57:40","slug":"habitos-saudaveis","status":"publish","type":"post","link":"https:\/\/www.redevoluntariasitatiba.com.br\/cms\/2024\/01\/15\/habitos-saudaveis\/","title":{"rendered":"H\u00e1bitos Saud\u00e1veis&#8230;.."},"content":{"rendered":"<p><strong>O c\u00e2ncer pode surgir por fatores n\u00e3o modific\u00e1veis, como a heran\u00e7a gen\u00e9tica, ou por fatores modific\u00e1veis, como infec\u00e7\u00f5es, alimenta\u00e7\u00e3o e tabagismo. Muitas vezes, ali\u00e1s, \u00e9 uma combina\u00e7\u00e3o de ambos.<\/strong><\/p>\n<p>Saiba mais &#8230;&#8230;<\/p>\n<p><a href=\"https:\/\/saude.abril.com.br\/medicina\/cancer-ao-menos-um-quarto-dos-casos-seria-evitado-com-habitos-saudaveis\/?utm_medium=whatsapp\">https:\/\/saude.abril.com.br\/medicina\/cancer-ao-menos-um-quarto-dos-casos-seria-evitado-com-habitos-saudaveis\/?utm_medium=whatsapp<\/a><\/p>\n","protected":false},"excerpt":{"rendered":"<p>O c\u00e2ncer pode surgir por fatores n\u00e3o modific\u00e1veis, como a heran\u00e7a gen\u00e9tica, ou por fatores modific\u00e1veis, como infec\u00e7\u00f5es, alimenta\u00e7\u00e3o e tabagismo. Muitas vezes, ali\u00e1s, \u00e9 uma combina\u00e7\u00e3o de ambos. Saiba mais &#8230;&#8230; https:\/\/saude.abril.com.br\/medicina\/cancer-ao-menos-um-quarto-dos-casos-seria-evitado-com-habitos-saudaveis\/?utm_medium=whatsapp<\/p>\n","protected":false},"author":3,"featured_media":399,"comment_status":"open","ping_status":"open","sticky":false,"template":"","format":"standard","meta":{"footnotes":""},"categories":[3],"tags":[],"class_list":["post-1971","post","type-post","status-publish","format-standard","has-post-thumbnail","hentry","category-saude"],"_links":{"self":[{"href":"https:\/\/www.redevoluntariasitatiba.com.br\/cms\/wp-json\/wp\/v2\/posts\/1971","targetHints":{"allow":["GET"]}}],"collection":[{"href":"https:\/\/www.redevoluntariasitatiba.com.br\/cms\/wp-json\/wp\/v2\/posts"}],"about":[{"href":"https:\/\/www.redevoluntariasitatiba.com.br\/cms\/wp-json\/wp\/v2\/types\/post"}],"author":[{"embeddable":true,"href":"https:\/\/www.redevoluntariasitatiba.com.br\/cms\/wp-json\/wp\/v2\/users\/3"}],"replies":[{"embeddable":true,"href":"https:\/\/www.redevoluntariasitatiba.com.br\/cms\/wp-json\/wp\/v2\/comments?post=1971"}],"version-history":[{"count":2,"href":"https:\/\/www.redevoluntariasitatiba.com.br\/cms\/wp-json\/wp\/v2\/posts\/1971\/revisions"}],"predecessor-version":[{"id":1973,"href":"https:\/\/www.redevoluntariasitatiba.com.br\/cms\/wp-json\/wp\/v2\/posts\/1971\/revisions\/1973"}],"wp:featuredmedia":[{"embeddable":true,"href":"https:\/\/www.redevoluntariasitatiba.com.br\/cms\/wp-json\/wp\/v2\/media\/399"}],"wp:attachment":[{"href":"https:\/\/www.redevoluntariasitatiba.com.br\/cms\/wp-json\/wp\/v2\/media?parent=1971"}],"wp:term":[{"taxonomy":"category","embeddable":true,"href":"https:\/\/www.redevoluntariasitatiba.com.br\/cms\/wp-json\/wp\/v2\/categories?post=1971"},{"taxonomy":"post_tag","embeddable":true,"href":"https:\/\/www.redevoluntariasitatiba.com.br\/cms\/wp-json\/wp\/v2\/tags?post=1971"}],"curies":[{"name":"wp","href":"https:\/\/api.w.org\/{rel}","templated":true}]}}