{"id":1994,"date":"2024-01-29T18:37:02","date_gmt":"2024-01-29T21:37:02","guid":{"rendered":"https:\/\/www.redevoluntariasitatiba.com.br\/cms\/?p=1994"},"modified":"2024-01-29T18:37:02","modified_gmt":"2024-01-29T21:37:02","slug":"janeiro-branco","status":"publish","type":"post","link":"https:\/\/www.redevoluntariasitatiba.com.br\/cms\/2024\/01\/29\/janeiro-branco\/","title":{"rendered":"Janeiro Branco"},"content":{"rendered":"<p><span style=\"text-decoration: underline;\">O encontro do grupo La\u00e7o Rosa desta segunda (29)<\/span>, trabalhou o tema do JANEIRO BRANCO. Movimento que h\u00e1 10 anos leva as pessoas a busca de um cuidado e preven\u00e7\u00e3o da Sa\u00fade Mental, trabalhando a mente e o emocional.<\/p>\n<p>\u201cSa\u00fade Mental enquanto h\u00e1 tempo!\u00a0O que fazer, agora?\u201d\u00a0\u00e9 o tema da campanha Janeiro Branco para 2024, um movimento que objetiva conscientizar a sociedade sobre a import\u00e2ncia da sa\u00fade mental e emocional, reduzindo o estigma em torno de temas como ansiedade, depress\u00e3o e outros transtornos mentais.<\/p>\n<p>E a <em><span style=\"text-decoration: underline;\"><strong>Rede de Voluntarias de Combate ao C\u00e2ncer de Itatiba<\/strong> <\/span><\/em>n\u00e3o ficou fora desse trabalho, que \u00e9 desenvolvido por <span style=\"text-decoration: underline;\">Leonardo Abra\u00e3o e sua esposa Valeria,<\/span> em todo o Brasil.<\/p>\n<p>Foi uma tarde de aprendizado e muita reflex\u00e3o sobre: como identificar em si mesmo e nas pessoas a necessidade de buscar apoio. E como prevenir.<\/p>\n<p>A Sa\u00fade Mental de uma pessoa est\u00e1 relacionada \u00e0 forma como ela reage \u00e0s exig\u00eancias da vida e ao modo como harmoniza seus desejos, capacidades, ambi\u00e7\u00f5es, ideias e emo\u00e7\u00f5es. Ter sa\u00fade mental \u00e9: Estar bem consigo mesmo e com os outros. Aceitar as exig\u00eancias da vida.<\/p>\n<p>Pelas pesquisas, em 2023 foram atendidas ,apenas pelo SUS, mais de 410 mil pessoas com: depress\u00e3o, ansiedade e p\u00e2nico, ou seja, 10% a mais que 2022.<\/p>\n<p>Dentre os fatores de risco individuais, temos os fatores gen\u00e9ticos, as habilidades sociais e emocionais, autoestima, sa\u00fade f\u00edsica e pr\u00e1tica de atividade f\u00edsica. Saber como cuidar da sa\u00fade mental \u00e9 importante, sendo poss\u00edvel trabalhar com tr\u00eas pilares fundamentais:\u00a0preven\u00e7\u00e3o, percep\u00e7\u00e3o e tratamento.<\/p>\n<p><img loading=\"lazy\" decoding=\"async\" class=\"alignnone size-medium wp-image-1999\" src=\"https:\/\/www.redevoluntariasitatiba.com.br\/cms\/wp-content\/uploads\/2024\/01\/cms-rede-janeiro-branco-4-297x300.jpg\" alt=\"\" width=\"297\" height=\"300\" srcset=\"https:\/\/www.redevoluntariasitatiba.com.br\/cms\/wp-content\/uploads\/2024\/01\/cms-rede-janeiro-branco-4-297x300.jpg 297w, https:\/\/www.redevoluntariasitatiba.com.br\/cms\/wp-content\/uploads\/2024\/01\/cms-rede-janeiro-branco-4-1015x1024.jpg 1015w, https:\/\/www.redevoluntariasitatiba.com.br\/cms\/wp-content\/uploads\/2024\/01\/cms-rede-janeiro-branco-4-768x775.jpg 768w, https:\/\/www.redevoluntariasitatiba.com.br\/cms\/wp-content\/uploads\/2024\/01\/cms-rede-janeiro-branco-4-75x75.jpg 75w, https:\/\/www.redevoluntariasitatiba.com.br\/cms\/wp-content\/uploads\/2024\/01\/cms-rede-janeiro-branco-4.jpg 1189w\" sizes=\"auto, (max-width: 297px) 100vw, 297px\" \/><img loading=\"lazy\" decoding=\"async\" class=\"alignnone size-medium wp-image-1998\" src=\"https:\/\/www.redevoluntariasitatiba.com.br\/cms\/wp-content\/uploads\/2024\/01\/cms-rede-janeiro-branco-3-300x115.jpg\" alt=\"\" width=\"300\" height=\"115\" srcset=\"https:\/\/www.redevoluntariasitatiba.com.br\/cms\/wp-content\/uploads\/2024\/01\/cms-rede-janeiro-branco-3-300x115.jpg 300w, https:\/\/www.redevoluntariasitatiba.com.br\/cms\/wp-content\/uploads\/2024\/01\/cms-rede-janeiro-branco-3-1024x393.jpg 1024w, https:\/\/www.redevoluntariasitatiba.com.br\/cms\/wp-content\/uploads\/2024\/01\/cms-rede-janeiro-branco-3-768x295.jpg 768w, https:\/\/www.redevoluntariasitatiba.com.br\/cms\/wp-content\/uploads\/2024\/01\/cms-rede-janeiro-branco-3.jpg 1200w\" sizes=\"auto, (max-width: 300px) 100vw, 300px\" \/><img loading=\"lazy\" decoding=\"async\" class=\"alignnone size-medium wp-image-1996\" src=\"https:\/\/www.redevoluntariasitatiba.com.br\/cms\/wp-content\/uploads\/2024\/01\/cms-rede-janeiro-branco-1--300x187.jpg\" alt=\"\" width=\"300\" height=\"187\" srcset=\"https:\/\/www.redevoluntariasitatiba.com.br\/cms\/wp-content\/uploads\/2024\/01\/cms-rede-janeiro-branco-1--300x187.jpg 300w, https:\/\/www.redevoluntariasitatiba.com.br\/cms\/wp-content\/uploads\/2024\/01\/cms-rede-janeiro-branco-1--1024x637.jpg 1024w, https:\/\/www.redevoluntariasitatiba.com.br\/cms\/wp-content\/uploads\/2024\/01\/cms-rede-janeiro-branco-1--768x477.jpg 768w, https:\/\/www.redevoluntariasitatiba.com.br\/cms\/wp-content\/uploads\/2024\/01\/cms-rede-janeiro-branco-1-.jpg 1200w\" sizes=\"auto, (max-width: 300px) 100vw, 300px\" \/><\/p>\n<p>&nbsp;<\/p>\n<p>&nbsp;<\/p>\n","protected":false},"excerpt":{"rendered":"<p>O encontro do grupo La\u00e7o Rosa desta segunda (29), trabalhou o tema do JANEIRO BRANCO. Movimento que h\u00e1 10 anos leva as pessoas a busca de um cuidado e preven\u00e7\u00e3o da Sa\u00fade Mental, trabalhando a mente e o emocional. \u201cSa\u00fade Mental enquanto h\u00e1 tempo!\u00a0O que fazer, agora?\u201d\u00a0\u00e9 o tema da campanha Janeiro Branco para 2024, <a href=\"https:\/\/www.redevoluntariasitatiba.com.br\/cms\/2024\/01\/29\/janeiro-branco\/\" rel=\"nofollow\"><span class=\"sr-only\">Leia mais sobreJaneiro Branco<\/span>[&hellip;]<\/a><\/p>\n","protected":false},"author":3,"featured_media":1997,"comment_status":"open","ping_status":"open","sticky":false,"template":"","format":"standard","meta":{"footnotes":""},"categories":[5,6],"tags":[],"class_list":["post-1994","post","type-post","status-publish","format-standard","has-post-thumbnail","hentry","category-aconteceu","category-eventos"],"_links":{"self":[{"href":"https:\/\/www.redevoluntariasitatiba.com.br\/cms\/wp-json\/wp\/v2\/posts\/1994","targetHints":{"allow":["GET"]}}],"collection":[{"href":"https:\/\/www.redevoluntariasitatiba.com.br\/cms\/wp-json\/wp\/v2\/posts"}],"about":[{"href":"https:\/\/www.redevoluntariasitatiba.com.br\/cms\/wp-json\/wp\/v2\/types\/post"}],"author":[{"embeddable":true,"href":"https:\/\/www.redevoluntariasitatiba.com.br\/cms\/wp-json\/wp\/v2\/users\/3"}],"replies":[{"embeddable":true,"href":"https:\/\/www.redevoluntariasitatiba.com.br\/cms\/wp-json\/wp\/v2\/comments?post=1994"}],"version-history":[{"count":2,"href":"https:\/\/www.redevoluntariasitatiba.com.br\/cms\/wp-json\/wp\/v2\/posts\/1994\/revisions"}],"predecessor-version":[{"id":2000,"href":"https:\/\/www.redevoluntariasitatiba.com.br\/cms\/wp-json\/wp\/v2\/posts\/1994\/revisions\/2000"}],"wp:featuredmedia":[{"embeddable":true,"href":"https:\/\/www.redevoluntariasitatiba.com.br\/cms\/wp-json\/wp\/v2\/media\/1997"}],"wp:attachment":[{"href":"https:\/\/www.redevoluntariasitatiba.com.br\/cms\/wp-json\/wp\/v2\/media?parent=1994"}],"wp:term":[{"taxonomy":"category","embeddable":true,"href":"https:\/\/www.redevoluntariasitatiba.com.br\/cms\/wp-json\/wp\/v2\/categories?post=1994"},{"taxonomy":"post_tag","embeddable":true,"href":"https:\/\/www.redevoluntariasitatiba.com.br\/cms\/wp-json\/wp\/v2\/tags?post=1994"}],"curies":[{"name":"wp","href":"https:\/\/api.w.org\/{rel}","templated":true}]}}