{"id":2047,"date":"2024-03-19T16:38:30","date_gmt":"2024-03-19T19:38:30","guid":{"rendered":"https:\/\/www.redevoluntariasitatiba.com.br\/cms\/?p=2047"},"modified":"2024-04-02T13:07:08","modified_gmt":"2024-04-02T16:07:08","slug":"67-anos-de-rede","status":"publish","type":"post","link":"https:\/\/www.redevoluntariasitatiba.com.br\/cms\/2024\/03\/19\/67-anos-de-rede\/","title":{"rendered":"67 anos de REDE!!!"},"content":{"rendered":"<p><span style=\"text-decoration: underline;\"><strong>Nesta data, 19\/03<\/strong><\/span> s\u00f3 que h\u00e1 exatos 67 anos era institu\u00edda a <strong><span style=\"text-decoration: underline;\"><em>Rede de Volunt\u00e1rias de Combate ao C\u00e2ncer de Itatiba<\/em> <\/span><\/strong>ou simplesmente <span style=\"text-decoration: underline;\"><strong>REDE,<\/strong><\/span>\u00a0 e desde ent\u00e3o vem atuando no apoio aos portadores de c\u00e2ncer, seja fornecendo complementarmente medicamentos, suplementos alimentares e vitam\u00ednicos ou elementos de higiene pessoal, ou prestando assist\u00eancia social, psicol\u00f3gica, nutricional e fisioter\u00e1pica\u00a0 aos pacientes e seus familiares mais diretos.<br \/>\nA comemora\u00e7\u00e3o dos 67 anos de vida da <span style=\"text-decoration: underline;\"><em><strong>Rede de Volunt\u00e1rias de Combate ao C\u00e2ncer de Itatiba<\/strong><\/em><\/span> \u00e9 de suma import\u00e2ncia para todos. Ela nos faz refletir, pois nos permite avaliar como iniciamos e o que conquistamos ao longo dos anos. Pois \u00e9 observando o passado, que mudamos o futuro, por meio de a\u00e7\u00f5es e trabalho social.<br \/>\nNeste dia 19\/03\/2024 , completamos 67 anos, trabalhando incansavelmente, para contribuir com o tratamento de pacientes com c\u00e2ncer. Hoje, al\u00e9m da doa\u00e7\u00e3o de medicamentos, contamos com profissionais da \u00e1rea da sa\u00fade, para complementar o tratamento do nosso paciente.<br \/>\nPor isso podemos afirmar com convic\u00e7\u00e3o, que a dedica\u00e7\u00e3o em se oferecer um servi\u00e7o de qualidade, manifesta-se nas coisas mais simples que nos propomos a fazer, e o que nos move a cada dia, \u00e9 a vontade, o desejo e o sonho de oferecer sempre o que h\u00e1 de melhor para nossos pacientes e familiares.<br \/>\nParab\u00e9ns as Fundadoras, aos Membros de nossa Diretoria , a toda a Equipe de trabalho, aos Volunt\u00e1rios, Amigos, Colaboradores e a todos aqueles que fazem ou j\u00e1 fizeram parte desta hist\u00f3ria t\u00e3o bonita!!!<\/p>\n<p>Da esquerda pra direita, nossas Volunt\u00e1rias Ivany Arruda, Presidente Nice Penteado, Ivete Medeiros, Maz\u00e9 Corradini, Margaret Panzarin e Leonor Belgini<br \/>\n<img loading=\"lazy\" decoding=\"async\" class=\"alignnone size-medium wp-image-2061\" src=\"https:\/\/www.redevoluntariasitatiba.com.br\/cms\/wp-content\/uploads\/2024\/04\/cms-rede-67-anos-voluntarias--300x184.jpg\" alt=\"\" width=\"300\" height=\"184\" srcset=\"https:\/\/www.redevoluntariasitatiba.com.br\/cms\/wp-content\/uploads\/2024\/04\/cms-rede-67-anos-voluntarias--300x184.jpg 300w, https:\/\/www.redevoluntariasitatiba.com.br\/cms\/wp-content\/uploads\/2024\/04\/cms-rede-67-anos-voluntarias--1024x626.jpg 1024w, https:\/\/www.redevoluntariasitatiba.com.br\/cms\/wp-content\/uploads\/2024\/04\/cms-rede-67-anos-voluntarias--768x470.jpg 768w, https:\/\/www.redevoluntariasitatiba.com.br\/cms\/wp-content\/uploads\/2024\/04\/cms-rede-67-anos-voluntarias-.jpg 1200w\" sizes=\"auto, (max-width: 300px) 100vw, 300px\" \/><\/p>\n","protected":false},"excerpt":{"rendered":"<p>Nesta data, 19\/03 s\u00f3 que h\u00e1 exatos 67 anos era institu\u00edda a Rede de Volunt\u00e1rias de Combate ao C\u00e2ncer de Itatiba ou simplesmente REDE,\u00a0 e desde ent\u00e3o vem atuando no apoio aos portadores de c\u00e2ncer, seja fornecendo complementarmente medicamentos, suplementos alimentares e vitam\u00ednicos ou elementos de higiene pessoal, ou prestando assist\u00eancia social, psicol\u00f3gica, nutricional e <a href=\"https:\/\/www.redevoluntariasitatiba.com.br\/cms\/2024\/03\/19\/67-anos-de-rede\/\" rel=\"nofollow\"><span class=\"sr-only\">Leia mais sobre67 anos de REDE!!!<\/span>[&hellip;]<\/a><\/p>\n","protected":false},"author":3,"featured_media":2049,"comment_status":"open","ping_status":"open","sticky":false,"template":"","format":"standard","meta":{"footnotes":""},"categories":[4,6],"tags":[],"class_list":["post-2047","post","type-post","status-publish","format-standard","has-post-thumbnail","hentry","category-acontece","category-eventos"],"_links":{"self":[{"href":"https:\/\/www.redevoluntariasitatiba.com.br\/cms\/wp-json\/wp\/v2\/posts\/2047","targetHints":{"allow":["GET"]}}],"collection":[{"href":"https:\/\/www.redevoluntariasitatiba.com.br\/cms\/wp-json\/wp\/v2\/posts"}],"about":[{"href":"https:\/\/www.redevoluntariasitatiba.com.br\/cms\/wp-json\/wp\/v2\/types\/post"}],"author":[{"embeddable":true,"href":"https:\/\/www.redevoluntariasitatiba.com.br\/cms\/wp-json\/wp\/v2\/users\/3"}],"replies":[{"embeddable":true,"href":"https:\/\/www.redevoluntariasitatiba.com.br\/cms\/wp-json\/wp\/v2\/comments?post=2047"}],"version-history":[{"count":4,"href":"https:\/\/www.redevoluntariasitatiba.com.br\/cms\/wp-json\/wp\/v2\/posts\/2047\/revisions"}],"predecessor-version":[{"id":2064,"href":"https:\/\/www.redevoluntariasitatiba.com.br\/cms\/wp-json\/wp\/v2\/posts\/2047\/revisions\/2064"}],"wp:featuredmedia":[{"embeddable":true,"href":"https:\/\/www.redevoluntariasitatiba.com.br\/cms\/wp-json\/wp\/v2\/media\/2049"}],"wp:attachment":[{"href":"https:\/\/www.redevoluntariasitatiba.com.br\/cms\/wp-json\/wp\/v2\/media?parent=2047"}],"wp:term":[{"taxonomy":"category","embeddable":true,"href":"https:\/\/www.redevoluntariasitatiba.com.br\/cms\/wp-json\/wp\/v2\/categories?post=2047"},{"taxonomy":"post_tag","embeddable":true,"href":"https:\/\/www.redevoluntariasitatiba.com.br\/cms\/wp-json\/wp\/v2\/tags?post=2047"}],"curies":[{"name":"wp","href":"https:\/\/api.w.org\/{rel}","templated":true}]}}