{"id":2214,"date":"2024-10-03T19:20:50","date_gmt":"2024-10-03T22:20:50","guid":{"rendered":"https:\/\/www.redevoluntariasitatiba.com.br\/cms\/?p=2214"},"modified":"2024-10-03T19:20:50","modified_gmt":"2024-10-03T22:20:50","slug":"nova-tecnica-de-radioterapia","status":"publish","type":"post","link":"https:\/\/www.redevoluntariasitatiba.com.br\/cms\/2024\/10\/03\/nova-tecnica-de-radioterapia\/","title":{"rendered":"Nova T\u00e9cnica de Radioterapia"},"content":{"rendered":"<p>Para voce saber mais &#8230;..<\/p>\n<p>Um novo tipo de\u00a0<a href=\"https:\/\/www1.folha.uol.com.br\/equilibrioesaude\/2023\/04\/73-mil-pacientes-ficam-sem-radioterapia-por-ano-no-sus-mostra-relatorio.shtml\" target=\"\" rel=\"noopener\">radioterapia<\/a>\u00a0que utiliza radia\u00e7\u00e3o em altas doses, aplicadas em fra\u00e7\u00f5es de segundos, promete reduzir danos a tecidos saud\u00e1veis e potencializar o tratamento de tumores pedi\u00e1tricos ou localizados perto de \u00f3rg\u00e3os cr\u00edticos, como o c\u00e9rebro e o cora\u00e7\u00e3o.<\/p>\n<p>Chamada de\u00a0<a href=\"https:\/\/kt.cern\/flash-radiotherapy\" target=\"_blank\" rel=\"noopener\">Flash<\/a>, a t\u00e9cnica tem sido objeto de estudos em v\u00e1rios pa\u00edses, inclusive no Brasil, e est\u00e1 sendo desenvolvida em parceria com\u00a0<a href=\"https:\/\/www1.folha.uol.com.br\/ciencia\/2022\/07\/cientistas-do-cern-observam-tres-particulas-exoticas-pela-primeira-vez.shtml\" target=\"\" rel=\"noopener\">o maior laborat\u00f3rio de f\u00edsica de part\u00edculas do mundo, o Cern (Organiza\u00e7\u00e3o Europeia para a Pesquisa Nuclear)<\/a>, palco de uma das grandes descobertas da hist\u00f3ria da f\u00edsica:<a href=\"https:\/\/fotografia.folha.uol.com.br\/galerias\/1795885726255754-peter#foto-1795885726338125\" target=\"\" rel=\"noopener\">\u00a0o b\u00f3son de Higgs, apelidado de &#8220;part\u00edcula de Deus&#8221;.<\/a><\/p>\n<p>Saiba mais acessando &#8230;.<\/p>\n<p><a href=\"https:\/\/www1.folha.uol.com.br\/equilibrioesaude\/2024\/10\/nova-tecnica-de-radioterapia-trata-cancer-com-dano-menor-a-tecidos-saudaveis.shtml?utm_source=sharenativo&amp;utm_medium=social&amp;utm_campaign=sharenativo\">https:\/\/www1.folha.uol.com.br\/equilibrioesaude\/2024\/10\/nova-tecnica-de-radioterapia-trata-cancer-com-dano-menor-a-tecidos-saudaveis.shtml?utm_<br \/>\n<\/a><\/p>\n","protected":false},"excerpt":{"rendered":"<p>Para voce saber mais &#8230;.. Um novo tipo de\u00a0radioterapia\u00a0que utiliza radia\u00e7\u00e3o em altas doses, aplicadas em fra\u00e7\u00f5es de segundos, promete reduzir danos a tecidos saud\u00e1veis e potencializar o tratamento de tumores pedi\u00e1tricos ou localizados perto de \u00f3rg\u00e3os cr\u00edticos, como o c\u00e9rebro e o cora\u00e7\u00e3o. Chamada de\u00a0Flash, a t\u00e9cnica tem sido objeto de estudos em v\u00e1rios <a href=\"https:\/\/www.redevoluntariasitatiba.com.br\/cms\/2024\/10\/03\/nova-tecnica-de-radioterapia\/\" rel=\"nofollow\"><span class=\"sr-only\">Leia mais sobreNova T\u00e9cnica de Radioterapia<\/span>[&hellip;]<\/a><\/p>\n","protected":false},"author":3,"featured_media":2217,"comment_status":"open","ping_status":"open","sticky":false,"template":"","format":"standard","meta":{"footnotes":""},"categories":[3],"tags":[],"class_list":["post-2214","post","type-post","status-publish","format-standard","has-post-thumbnail","hentry","category-saude"],"_links":{"self":[{"href":"https:\/\/www.redevoluntariasitatiba.com.br\/cms\/wp-json\/wp\/v2\/posts\/2214","targetHints":{"allow":["GET"]}}],"collection":[{"href":"https:\/\/www.redevoluntariasitatiba.com.br\/cms\/wp-json\/wp\/v2\/posts"}],"about":[{"href":"https:\/\/www.redevoluntariasitatiba.com.br\/cms\/wp-json\/wp\/v2\/types\/post"}],"author":[{"embeddable":true,"href":"https:\/\/www.redevoluntariasitatiba.com.br\/cms\/wp-json\/wp\/v2\/users\/3"}],"replies":[{"embeddable":true,"href":"https:\/\/www.redevoluntariasitatiba.com.br\/cms\/wp-json\/wp\/v2\/comments?post=2214"}],"version-history":[{"count":2,"href":"https:\/\/www.redevoluntariasitatiba.com.br\/cms\/wp-json\/wp\/v2\/posts\/2214\/revisions"}],"predecessor-version":[{"id":2216,"href":"https:\/\/www.redevoluntariasitatiba.com.br\/cms\/wp-json\/wp\/v2\/posts\/2214\/revisions\/2216"}],"wp:featuredmedia":[{"embeddable":true,"href":"https:\/\/www.redevoluntariasitatiba.com.br\/cms\/wp-json\/wp\/v2\/media\/2217"}],"wp:attachment":[{"href":"https:\/\/www.redevoluntariasitatiba.com.br\/cms\/wp-json\/wp\/v2\/media?parent=2214"}],"wp:term":[{"taxonomy":"category","embeddable":true,"href":"https:\/\/www.redevoluntariasitatiba.com.br\/cms\/wp-json\/wp\/v2\/categories?post=2214"},{"taxonomy":"post_tag","embeddable":true,"href":"https:\/\/www.redevoluntariasitatiba.com.br\/cms\/wp-json\/wp\/v2\/tags?post=2214"}],"curies":[{"name":"wp","href":"https:\/\/api.w.org\/{rel}","templated":true}]}}