{"id":2261,"date":"2024-10-29T18:13:37","date_gmt":"2024-10-29T21:13:37","guid":{"rendered":"https:\/\/www.redevoluntariasitatiba.com.br\/cms\/?p=2261"},"modified":"2024-10-29T18:36:22","modified_gmt":"2024-10-29T21:36:22","slug":"cancer-de-pancreas-2","status":"publish","type":"post","link":"https:\/\/www.redevoluntariasitatiba.com.br\/cms\/2024\/10\/29\/cancer-de-pancreas-2\/","title":{"rendered":"C\u00e2ncer de p\u00e2ncreas"},"content":{"rendered":"<p>Quando comparado com outros tipos de c\u00e2ncer, o de p\u00e2ncreas se classifica entre os menos comuns. Apesar disso, ele \u00e9 temido, porque sua taxa de sobreviv\u00eancia \u00e9 baixa. Na maioria das vezes, quando a doen\u00e7a \u00e9 diagnosticada, ela j\u00e1 se encontra em est\u00e1gio avan\u00e7ado\u2026 &#8211;<\/p>\n<p>Para saber mais, acesse&#8230;<\/p>\n<p><a href=\"https:\/\/www.uol.com.br\/vivabem\/noticias\/redacao\/2024\/10\/25\/cancer-de-pancreas-e-silencioso-conheca-os-sinais-como-prevenir-e-tratar.htm\">https:\/\/www.uol.com.br\/vivabem\/noticias\/redacao\/2024\/10\/25\/cancer-de-pancreas-e-silencioso-conheca-os-sinais-como-prevenir-e-tratar.htm<\/a><\/p>\n<p>&nbsp;<\/p>\n","protected":false},"excerpt":{"rendered":"<p>Quando comparado com outros tipos de c\u00e2ncer, o de p\u00e2ncreas se classifica entre os menos comuns. Apesar disso, ele \u00e9 temido, porque sua taxa de sobreviv\u00eancia \u00e9 baixa. Na maioria das vezes, quando a doen\u00e7a \u00e9 diagnosticada, ela j\u00e1 se encontra em est\u00e1gio avan\u00e7ado\u2026 &#8211; Para saber mais, acesse&#8230; https:\/\/www.uol.com.br\/vivabem\/noticias\/redacao\/2024\/10\/25\/cancer-de-pancreas-e-silencioso-conheca-os-sinais-como-prevenir-e-tratar.htm &nbsp;<\/p>\n","protected":false},"author":3,"featured_media":2263,"comment_status":"open","ping_status":"open","sticky":false,"template":"","format":"standard","meta":{"footnotes":""},"categories":[3],"tags":[],"class_list":["post-2261","post","type-post","status-publish","format-standard","has-post-thumbnail","hentry","category-saude"],"_links":{"self":[{"href":"https:\/\/www.redevoluntariasitatiba.com.br\/cms\/wp-json\/wp\/v2\/posts\/2261","targetHints":{"allow":["GET"]}}],"collection":[{"href":"https:\/\/www.redevoluntariasitatiba.com.br\/cms\/wp-json\/wp\/v2\/posts"}],"about":[{"href":"https:\/\/www.redevoluntariasitatiba.com.br\/cms\/wp-json\/wp\/v2\/types\/post"}],"author":[{"embeddable":true,"href":"https:\/\/www.redevoluntariasitatiba.com.br\/cms\/wp-json\/wp\/v2\/users\/3"}],"replies":[{"embeddable":true,"href":"https:\/\/www.redevoluntariasitatiba.com.br\/cms\/wp-json\/wp\/v2\/comments?post=2261"}],"version-history":[{"count":9,"href":"https:\/\/www.redevoluntariasitatiba.com.br\/cms\/wp-json\/wp\/v2\/posts\/2261\/revisions"}],"predecessor-version":[{"id":2271,"href":"https:\/\/www.redevoluntariasitatiba.com.br\/cms\/wp-json\/wp\/v2\/posts\/2261\/revisions\/2271"}],"wp:featuredmedia":[{"embeddable":true,"href":"https:\/\/www.redevoluntariasitatiba.com.br\/cms\/wp-json\/wp\/v2\/media\/2263"}],"wp:attachment":[{"href":"https:\/\/www.redevoluntariasitatiba.com.br\/cms\/wp-json\/wp\/v2\/media?parent=2261"}],"wp:term":[{"taxonomy":"category","embeddable":true,"href":"https:\/\/www.redevoluntariasitatiba.com.br\/cms\/wp-json\/wp\/v2\/categories?post=2261"},{"taxonomy":"post_tag","embeddable":true,"href":"https:\/\/www.redevoluntariasitatiba.com.br\/cms\/wp-json\/wp\/v2\/tags?post=2261"}],"curies":[{"name":"wp","href":"https:\/\/api.w.org\/{rel}","templated":true}]}}