{"id":2297,"date":"2024-12-08T20:36:45","date_gmt":"2024-12-08T23:36:45","guid":{"rendered":"https:\/\/www.redevoluntariasitatiba.com.br\/cms\/?p=2297"},"modified":"2024-12-08T20:36:45","modified_gmt":"2024-12-08T23:36:45","slug":"dezembro-laranja-3","status":"publish","type":"post","link":"https:\/\/www.redevoluntariasitatiba.com.br\/cms\/2024\/12\/08\/dezembro-laranja-3\/","title":{"rendered":"Dezembro Laranja"},"content":{"rendered":"<h4 class=\"titulo-interna mb-4\">Voc\u00ea tem o h\u00e1bito de passar protetor solar e se expor ao sol somente nos hor\u00e1rios adequados? Esses cuidados s\u00e3o essenciais para a preserva\u00e7\u00e3o da sua sa\u00fade. Isso porque os n\u00fameros de c\u00e2ncer de pele no Brasil s\u00e3o alarmantes. De acordo com dados do\u00a0<i class=\"glyphicon link-https\"><\/i><a href=\"https:\/\/www.inca.gov.br\/assuntos\/cancer-de-pele\" target=\"_blank\" rel=\"noopener\">Instituto Nacional do C\u00e2ncer (INCA)<\/a>, esse \u00e9 o c\u00e2ncer mais frequente no pa\u00eds e corresponde a 30% de todos os tumores malignos registrados aqui.<\/h4>\n<p>Pois \u00e9, estamos falando do Dezembro Laranja, mas que vale como orienta\u00e7\u00e3o para todo o per\u00edodo de Ver\u00e3o que se aproxima! A <span style=\"text-decoration: underline;\"><em>REDE de Volunt\u00e1rias de Combate ao C\u00e2ncer de Itatiba<\/em><\/span>, dentro de sua miss\u00e3o, chama a aten\u00e7\u00e3o para este aspecto de cuidados que devemos ter principalmente nesse per\u00edodo!<\/p>\n<p>Para saber mais, acesse<\/p>\n<p><a href=\"https:\/\/www.tjdft.jus.br\/informacoes\/programas-projetos-e-acoes\/pro-vida\/dicas-de-saude\/pilulas-de-saude\/dezembro-laranja-cancer-de-pele-entenda-sobre-a-doenca-e-previna-se#:~:text=No%20m%C3%AAs%20de%20dezembro%20%C3%A9,sobre%20o%20c%C3%A2ncer%20de%20pele.\">https:\/\/www.tjdft.jus.br\/informacoes\/programas-projetos-e-acoes\/pro-vida\/dicas-de-saude\/pilulas-de-saude\/dezembro-laranja-cancer-de-pele-entenda-sobre-a-doenca-e-previna-se<\/a><\/p>\n","protected":false},"excerpt":{"rendered":"<p>Voc\u00ea tem o h\u00e1bito de passar protetor solar e se expor ao sol somente nos hor\u00e1rios adequados? Esses cuidados s\u00e3o essenciais para a preserva\u00e7\u00e3o da sua sa\u00fade. Isso porque os n\u00fameros de c\u00e2ncer de pele no Brasil s\u00e3o alarmantes. De acordo com dados do\u00a0Instituto Nacional do C\u00e2ncer (INCA), esse \u00e9 o c\u00e2ncer mais frequente no <a href=\"https:\/\/www.redevoluntariasitatiba.com.br\/cms\/2024\/12\/08\/dezembro-laranja-3\/\" rel=\"nofollow\"><span class=\"sr-only\">Leia mais sobreDezembro Laranja<\/span>[&hellip;]<\/a><\/p>\n","protected":false},"author":3,"featured_media":2299,"comment_status":"open","ping_status":"open","sticky":false,"template":"","format":"standard","meta":{"footnotes":""},"categories":[4,6],"tags":[],"class_list":["post-2297","post","type-post","status-publish","format-standard","has-post-thumbnail","hentry","category-acontece","category-eventos"],"_links":{"self":[{"href":"https:\/\/www.redevoluntariasitatiba.com.br\/cms\/wp-json\/wp\/v2\/posts\/2297","targetHints":{"allow":["GET"]}}],"collection":[{"href":"https:\/\/www.redevoluntariasitatiba.com.br\/cms\/wp-json\/wp\/v2\/posts"}],"about":[{"href":"https:\/\/www.redevoluntariasitatiba.com.br\/cms\/wp-json\/wp\/v2\/types\/post"}],"author":[{"embeddable":true,"href":"https:\/\/www.redevoluntariasitatiba.com.br\/cms\/wp-json\/wp\/v2\/users\/3"}],"replies":[{"embeddable":true,"href":"https:\/\/www.redevoluntariasitatiba.com.br\/cms\/wp-json\/wp\/v2\/comments?post=2297"}],"version-history":[{"count":2,"href":"https:\/\/www.redevoluntariasitatiba.com.br\/cms\/wp-json\/wp\/v2\/posts\/2297\/revisions"}],"predecessor-version":[{"id":2300,"href":"https:\/\/www.redevoluntariasitatiba.com.br\/cms\/wp-json\/wp\/v2\/posts\/2297\/revisions\/2300"}],"wp:featuredmedia":[{"embeddable":true,"href":"https:\/\/www.redevoluntariasitatiba.com.br\/cms\/wp-json\/wp\/v2\/media\/2299"}],"wp:attachment":[{"href":"https:\/\/www.redevoluntariasitatiba.com.br\/cms\/wp-json\/wp\/v2\/media?parent=2297"}],"wp:term":[{"taxonomy":"category","embeddable":true,"href":"https:\/\/www.redevoluntariasitatiba.com.br\/cms\/wp-json\/wp\/v2\/categories?post=2297"},{"taxonomy":"post_tag","embeddable":true,"href":"https:\/\/www.redevoluntariasitatiba.com.br\/cms\/wp-json\/wp\/v2\/tags?post=2297"}],"curies":[{"name":"wp","href":"https:\/\/api.w.org\/{rel}","templated":true}]}}