{"id":2302,"date":"2024-12-17T18:57:55","date_gmt":"2024-12-17T21:57:55","guid":{"rendered":"https:\/\/www.redevoluntariasitatiba.com.br\/cms\/?p=2302"},"modified":"2024-12-17T18:57:55","modified_gmt":"2024-12-17T21:57:55","slug":"apneia-do-sono","status":"publish","type":"post","link":"https:\/\/www.redevoluntariasitatiba.com.br\/cms\/2024\/12\/17\/apneia-do-sono\/","title":{"rendered":"Apneia do sono"},"content":{"rendered":"<p>Embora n\u00e3o tenha nada a ver com os temas normalmente tratados neste espa\u00e7o, tenho percebido que esse mal tem afetado cada vez mais a popula\u00e7\u00e3o e n\u00e3o tem recebido a aten\u00e7\u00e3o que deveria merecer. Essa a raz\u00e3o para que falemos do mesmo e levantemos o alerta!<\/p>\n<p><a href=\"https:\/\/www.estadao.com.br\/saude\/apos-os-50-anos-apneia-do-sono-pode-aumentar-o-risco-de-demencia-saiba-os-motivos-e-como-evitar\/\">https:\/\/www.estadao.com.br\/saude\/apos-os-50-anos-apneia-do-sono-pode-aumentar-o-risco-de-demencia-saiba-os-motivos-e-como-evitar\/<\/a><\/p>\n","protected":false},"excerpt":{"rendered":"<p>Embora n\u00e3o tenha nada a ver com os temas normalmente tratados neste espa\u00e7o, tenho percebido que esse mal tem afetado cada vez mais a popula\u00e7\u00e3o e n\u00e3o tem recebido a aten\u00e7\u00e3o que deveria merecer. Essa a raz\u00e3o para que falemos do mesmo e levantemos o alerta! https:\/\/www.estadao.com.br\/saude\/apos-os-50-anos-apneia-do-sono-pode-aumentar-o-risco-de-demencia-saiba-os-motivos-e-como-evitar\/<\/p>\n","protected":false},"author":3,"featured_media":2304,"comment_status":"open","ping_status":"open","sticky":false,"template":"","format":"standard","meta":{"footnotes":""},"categories":[3],"tags":[],"class_list":["post-2302","post","type-post","status-publish","format-standard","has-post-thumbnail","hentry","category-saude"],"_links":{"self":[{"href":"https:\/\/www.redevoluntariasitatiba.com.br\/cms\/wp-json\/wp\/v2\/posts\/2302","targetHints":{"allow":["GET"]}}],"collection":[{"href":"https:\/\/www.redevoluntariasitatiba.com.br\/cms\/wp-json\/wp\/v2\/posts"}],"about":[{"href":"https:\/\/www.redevoluntariasitatiba.com.br\/cms\/wp-json\/wp\/v2\/types\/post"}],"author":[{"embeddable":true,"href":"https:\/\/www.redevoluntariasitatiba.com.br\/cms\/wp-json\/wp\/v2\/users\/3"}],"replies":[{"embeddable":true,"href":"https:\/\/www.redevoluntariasitatiba.com.br\/cms\/wp-json\/wp\/v2\/comments?post=2302"}],"version-history":[{"count":1,"href":"https:\/\/www.redevoluntariasitatiba.com.br\/cms\/wp-json\/wp\/v2\/posts\/2302\/revisions"}],"predecessor-version":[{"id":2303,"href":"https:\/\/www.redevoluntariasitatiba.com.br\/cms\/wp-json\/wp\/v2\/posts\/2302\/revisions\/2303"}],"wp:featuredmedia":[{"embeddable":true,"href":"https:\/\/www.redevoluntariasitatiba.com.br\/cms\/wp-json\/wp\/v2\/media\/2304"}],"wp:attachment":[{"href":"https:\/\/www.redevoluntariasitatiba.com.br\/cms\/wp-json\/wp\/v2\/media?parent=2302"}],"wp:term":[{"taxonomy":"category","embeddable":true,"href":"https:\/\/www.redevoluntariasitatiba.com.br\/cms\/wp-json\/wp\/v2\/categories?post=2302"},{"taxonomy":"post_tag","embeddable":true,"href":"https:\/\/www.redevoluntariasitatiba.com.br\/cms\/wp-json\/wp\/v2\/tags?post=2302"}],"curies":[{"name":"wp","href":"https:\/\/api.w.org\/{rel}","templated":true}]}}