{"id":2312,"date":"2025-01-14T11:17:51","date_gmt":"2025-01-14T14:17:51","guid":{"rendered":"https:\/\/www.redevoluntariasitatiba.com.br\/cms\/?p=2312"},"modified":"2025-01-14T11:17:51","modified_gmt":"2025-01-14T14:17:51","slug":"janeiro-branco-2","status":"publish","type":"post","link":"https:\/\/www.redevoluntariasitatiba.com.br\/cms\/2025\/01\/14\/janeiro-branco-2\/","title":{"rendered":"Janeiro Branco"},"content":{"rendered":"<p>O &#8220;Janeiro Branco&#8221; \u00e9 uma campanha dedicada \u00e0 conscientiza\u00e7\u00e3o sobre a import\u00e2ncia da sa\u00fade mental. Iniciada em 2014 no Brasil, tem como objetivo quebrar tabus e promover discuss\u00f5es em torno do bem-estar psicol\u00f3gico e emocional das pessoas, similar ao que campanhas como o &#8220;Outubro Rosa&#8221; fazem com o c\u00e2ncer de mama.<\/p>\n<p>A escolha de janeiro \u00e9 simb\u00f3lica, j\u00e1 que o in\u00edcio do ano \u00e9 tradicionalmente um tempo de reflex\u00e3o e estabelecimento de metas. Este per\u00edodo se presta a incentivar as pessoas a olharem para suas vidas e priorizarem sua sa\u00fade mental, muitas vezes considerada secund\u00e1ria em rela\u00e7\u00e3o \u00e0 sa\u00fade f\u00edsica.<\/p>\n<p>Durante o m\u00eas de janeiro, s\u00e3o promovidas diversas atividades, como palestras, rodas de conversa, grupos de apoio e campanhas nas redes sociais, tudo com o intuito de esclarecer a popula\u00e7\u00e3o sobre quest\u00f5es relacionadas \u00e0 sa\u00fade mental, desmistificar preconceitos e incentivar a busca por ajuda profissional quando necess\u00e1rio.<\/p>\n<p>A campanha &#8220;Janeiro Branco&#8221; visa, al\u00e9m disso, a promover a empatia e a compreens\u00e3o sobre transtornos mentais, incentivando as pessoas a cuidarem n\u00e3o s\u00f3 de si, mas tamb\u00e9m estarem atentas a sinais de sofrimento nos outros, promovendo assim uma sociedade mais sens\u00edvel e solid\u00e1ria.<\/p>\n<p>Como promover reflex\u00f5es e praticar exerc\u00edcios sobre o tema, acesse<\/p>\n<p><a href=\"https:\/\/janeirobranco.org.br\/ideias-para-fazer-a-campanha-janeiro-branco-na-sua-casa\/\">https:\/\/janeirobranco.org.br\/ideias-para-fazer-a-campanha-janeiro-branco-na-sua-casa\/<\/a><\/p>\n","protected":false},"excerpt":{"rendered":"<p>O &#8220;Janeiro Branco&#8221; \u00e9 uma campanha dedicada \u00e0 conscientiza\u00e7\u00e3o sobre a import\u00e2ncia da sa\u00fade mental. Iniciada em 2014 no Brasil, tem como objetivo quebrar tabus e promover discuss\u00f5es em torno do bem-estar psicol\u00f3gico e emocional das pessoas, similar ao que campanhas como o &#8220;Outubro Rosa&#8221; fazem com o c\u00e2ncer de mama. A escolha de janeiro <a href=\"https:\/\/www.redevoluntariasitatiba.com.br\/cms\/2025\/01\/14\/janeiro-branco-2\/\" rel=\"nofollow\"><span class=\"sr-only\">Leia mais sobreJaneiro Branco<\/span>[&hellip;]<\/a><\/p>\n","protected":false},"author":3,"featured_media":2316,"comment_status":"open","ping_status":"open","sticky":false,"template":"","format":"standard","meta":{"footnotes":""},"categories":[3],"tags":[],"class_list":["post-2312","post","type-post","status-publish","format-standard","has-post-thumbnail","hentry","category-saude"],"_links":{"self":[{"href":"https:\/\/www.redevoluntariasitatiba.com.br\/cms\/wp-json\/wp\/v2\/posts\/2312","targetHints":{"allow":["GET"]}}],"collection":[{"href":"https:\/\/www.redevoluntariasitatiba.com.br\/cms\/wp-json\/wp\/v2\/posts"}],"about":[{"href":"https:\/\/www.redevoluntariasitatiba.com.br\/cms\/wp-json\/wp\/v2\/types\/post"}],"author":[{"embeddable":true,"href":"https:\/\/www.redevoluntariasitatiba.com.br\/cms\/wp-json\/wp\/v2\/users\/3"}],"replies":[{"embeddable":true,"href":"https:\/\/www.redevoluntariasitatiba.com.br\/cms\/wp-json\/wp\/v2\/comments?post=2312"}],"version-history":[{"count":2,"href":"https:\/\/www.redevoluntariasitatiba.com.br\/cms\/wp-json\/wp\/v2\/posts\/2312\/revisions"}],"predecessor-version":[{"id":2315,"href":"https:\/\/www.redevoluntariasitatiba.com.br\/cms\/wp-json\/wp\/v2\/posts\/2312\/revisions\/2315"}],"wp:featuredmedia":[{"embeddable":true,"href":"https:\/\/www.redevoluntariasitatiba.com.br\/cms\/wp-json\/wp\/v2\/media\/2316"}],"wp:attachment":[{"href":"https:\/\/www.redevoluntariasitatiba.com.br\/cms\/wp-json\/wp\/v2\/media?parent=2312"}],"wp:term":[{"taxonomy":"category","embeddable":true,"href":"https:\/\/www.redevoluntariasitatiba.com.br\/cms\/wp-json\/wp\/v2\/categories?post=2312"},{"taxonomy":"post_tag","embeddable":true,"href":"https:\/\/www.redevoluntariasitatiba.com.br\/cms\/wp-json\/wp\/v2\/tags?post=2312"}],"curies":[{"name":"wp","href":"https:\/\/api.w.org\/{rel}","templated":true}]}}