{"id":2331,"date":"2025-02-03T17:10:15","date_gmt":"2025-02-03T20:10:15","guid":{"rendered":"https:\/\/www.redevoluntariasitatiba.com.br\/cms\/?p=2331"},"modified":"2025-02-03T17:10:15","modified_gmt":"2025-02-03T20:10:15","slug":"ans-x-mamografia","status":"publish","type":"post","link":"https:\/\/www.redevoluntariasitatiba.com.br\/cms\/2025\/02\/03\/ans-x-mamografia\/","title":{"rendered":"ANS x Mamografia"},"content":{"rendered":"<p>A\u00a0<a href=\"https:\/\/www1.folha.uol.com.br\/equilibrioesaude\/2023\/09\/reclamacoes-contra-planos-de-saude-disparam-e-chegam-a-quase-900-por-dia.shtml\" target=\"\" rel=\"\">ANS (Ag\u00eancia Nacional de Sa\u00fade Suplementar)\u00a0<\/a>abriu consulta p\u00fablica para a cria\u00e7\u00e3o de um certificado de qualidade, em que adota como crit\u00e9rio de boas pr\u00e1ticas em oncologia, pelos <a href=\"https:\/\/www1.folha.uol.com.br\/folha-topicos\/plano-de-saude\/\" target=\"\" rel=\"\">planos de sa\u00fade , <\/a>um rastreamento do\u00a0<a href=\"https:\/\/www1.folha.uol.com.br\/folha-topicos\/cancer\/\" target=\"\" rel=\"\">c\u00e2ncer de mama<\/a>\u00a0nos mesmos moldes do SUS (Sistema \u00danico de Sa\u00fade), ou seja, a realiza\u00e7\u00e3o de\u00a0<a href=\"https:\/\/www1.folha.uol.com.br\/equilibrio\/2023\/10\/tudo-o-que-voce-precisa-saber-sobre-mamografia-chave-no-diagnostico-de-cancer-de-mama.shtml\" target=\"\" rel=\"\">mamografias\u00a0<\/a>entre 50 e 69 anos a cada dois anos.<\/p>\n<p>Para saber mais, acesse<\/p>\n<p><a href=\"https:\/\/www1.folha.uol.com.br\/equilibrioesaude\/2025\/01\/ans-estuda-recomendar-mamografia-a-partir-dos-50-a-cada-dois-anos-como-e-feito-no-sus.shtml?utm_source=sharenativo&amp;utm_medium=social&amp;utm_campaign=sharenativo\">https:\/\/www1.folha.uol.com.br\/equilibrioesaude\/2025\/01\/ans-estuda-recomendar-mamografia-a-partir-dos-50-a-cada-dois-anos-como-e-feito-no-sus.shtml?<\/a><\/p>\n","protected":false},"excerpt":{"rendered":"<p>A\u00a0ANS (Ag\u00eancia Nacional de Sa\u00fade Suplementar)\u00a0abriu consulta p\u00fablica para a cria\u00e7\u00e3o de um certificado de qualidade, em que adota como crit\u00e9rio de boas pr\u00e1ticas em oncologia, pelos planos de sa\u00fade , um rastreamento do\u00a0c\u00e2ncer de mama\u00a0nos mesmos moldes do SUS (Sistema \u00danico de Sa\u00fade), ou seja, a realiza\u00e7\u00e3o de\u00a0mamografias\u00a0entre 50 e 69 anos a cada <a href=\"https:\/\/www.redevoluntariasitatiba.com.br\/cms\/2025\/02\/03\/ans-x-mamografia\/\" rel=\"nofollow\"><span class=\"sr-only\">Leia mais sobreANS x Mamografia<\/span>[&hellip;]<\/a><\/p>\n","protected":false},"author":3,"featured_media":2335,"comment_status":"open","ping_status":"open","sticky":false,"template":"","format":"standard","meta":{"footnotes":""},"categories":[3],"tags":[],"class_list":["post-2331","post","type-post","status-publish","format-standard","has-post-thumbnail","hentry","category-saude"],"_links":{"self":[{"href":"https:\/\/www.redevoluntariasitatiba.com.br\/cms\/wp-json\/wp\/v2\/posts\/2331","targetHints":{"allow":["GET"]}}],"collection":[{"href":"https:\/\/www.redevoluntariasitatiba.com.br\/cms\/wp-json\/wp\/v2\/posts"}],"about":[{"href":"https:\/\/www.redevoluntariasitatiba.com.br\/cms\/wp-json\/wp\/v2\/types\/post"}],"author":[{"embeddable":true,"href":"https:\/\/www.redevoluntariasitatiba.com.br\/cms\/wp-json\/wp\/v2\/users\/3"}],"replies":[{"embeddable":true,"href":"https:\/\/www.redevoluntariasitatiba.com.br\/cms\/wp-json\/wp\/v2\/comments?post=2331"}],"version-history":[{"count":3,"href":"https:\/\/www.redevoluntariasitatiba.com.br\/cms\/wp-json\/wp\/v2\/posts\/2331\/revisions"}],"predecessor-version":[{"id":2334,"href":"https:\/\/www.redevoluntariasitatiba.com.br\/cms\/wp-json\/wp\/v2\/posts\/2331\/revisions\/2334"}],"wp:featuredmedia":[{"embeddable":true,"href":"https:\/\/www.redevoluntariasitatiba.com.br\/cms\/wp-json\/wp\/v2\/media\/2335"}],"wp:attachment":[{"href":"https:\/\/www.redevoluntariasitatiba.com.br\/cms\/wp-json\/wp\/v2\/media?parent=2331"}],"wp:term":[{"taxonomy":"category","embeddable":true,"href":"https:\/\/www.redevoluntariasitatiba.com.br\/cms\/wp-json\/wp\/v2\/categories?post=2331"},{"taxonomy":"post_tag","embeddable":true,"href":"https:\/\/www.redevoluntariasitatiba.com.br\/cms\/wp-json\/wp\/v2\/tags?post=2331"}],"curies":[{"name":"wp","href":"https:\/\/api.w.org\/{rel}","templated":true}]}}