{"id":2440,"date":"2025-05-17T16:19:23","date_gmt":"2025-05-17T19:19:23","guid":{"rendered":"https:\/\/www.redevoluntariasitatiba.com.br\/cms\/?p=2440"},"modified":"2025-05-17T16:19:23","modified_gmt":"2025-05-17T19:19:23","slug":"cuidados-com-a-saude","status":"publish","type":"post","link":"https:\/\/www.redevoluntariasitatiba.com.br\/cms\/2025\/05\/17\/cuidados-com-a-saude\/","title":{"rendered":"Cuidados com a sa\u00fade"},"content":{"rendered":"<p>O\u00a0<a href=\"https:\/\/www.estadao.com.br\/tudo-sobre\/envelhecimento\" target=\"_blank\" rel=\"noopener\"><strong>envelhecimento<\/strong><\/a>\u00a0\u00e9 um fen\u00f4meno mundial: em aproximadamente tr\u00eas d\u00e9cadas, o n\u00famero de pessoas idosas ser\u00e1 equivalente ao de crian\u00e7as no mundo todo, segundo estimativas da\u00a0<a href=\"https:\/\/www.estadao.com.br\/tudo-sobre\/oms-organizacao-mundial-de-saude\" target=\"_blank\" rel=\"noopener\"><strong>Organiza\u00e7\u00e3o Mundial da Sa\u00fade (OMS)<\/strong><\/a>. No Brasil,\u00a0<a href=\"https:\/\/www.estadao.com.br\/brasil\/censo-revela-que-populacao-do-brasil-esta-envelhecendo-cada-vez-mais-rapido-veja-dados\/\" target=\"_blank\" rel=\"noopener\"><strong>dados divulgados<\/strong><\/a>\u00a0pelo Instituto Brasileiro de Geografia e Estat\u00edstica (IBGE) apontam que a pir\u00e2mide et\u00e1ria j\u00e1 come\u00e7ou a inverter: em 2022, pela primeira vez, os idosos deixaram de ser a menor fatia da popula\u00e7\u00e3o \u2013 agora, representam 15,8% dos brasileiros, superando os jovens entre 15 e 24 anos (14,7%).<br \/>\nPara saber mais sobre este interessante tema, acesse<\/p>\n<p><a href=\"https:\/\/www.estadao.com.br\/saude\/10-cuidados-com-a-saude-que-toda-pessoa-idosa-deveria-ter\/\">https:\/\/www.estadao.com.br\/saude\/10-cuidados-com-a-saude-que-toda-pessoa-idosa-deveria-ter\/<\/a><\/p>\n","protected":false},"excerpt":{"rendered":"<p>O\u00a0envelhecimento\u00a0\u00e9 um fen\u00f4meno mundial: em aproximadamente tr\u00eas d\u00e9cadas, o n\u00famero de pessoas idosas ser\u00e1 equivalente ao de crian\u00e7as no mundo todo, segundo estimativas da\u00a0Organiza\u00e7\u00e3o Mundial da Sa\u00fade (OMS). No Brasil,\u00a0dados divulgados\u00a0pelo Instituto Brasileiro de Geografia e Estat\u00edstica (IBGE) apontam que a pir\u00e2mide et\u00e1ria j\u00e1 come\u00e7ou a inverter: em 2022, pela primeira vez, os idosos deixaram <a href=\"https:\/\/www.redevoluntariasitatiba.com.br\/cms\/2025\/05\/17\/cuidados-com-a-saude\/\" rel=\"nofollow\"><span class=\"sr-only\">Leia mais sobreCuidados com a sa\u00fade<\/span>[&hellip;]<\/a><\/p>\n","protected":false},"author":3,"featured_media":2442,"comment_status":"open","ping_status":"open","sticky":false,"template":"","format":"standard","meta":{"footnotes":""},"categories":[3],"tags":[],"class_list":["post-2440","post","type-post","status-publish","format-standard","has-post-thumbnail","hentry","category-saude"],"_links":{"self":[{"href":"https:\/\/www.redevoluntariasitatiba.com.br\/cms\/wp-json\/wp\/v2\/posts\/2440","targetHints":{"allow":["GET"]}}],"collection":[{"href":"https:\/\/www.redevoluntariasitatiba.com.br\/cms\/wp-json\/wp\/v2\/posts"}],"about":[{"href":"https:\/\/www.redevoluntariasitatiba.com.br\/cms\/wp-json\/wp\/v2\/types\/post"}],"author":[{"embeddable":true,"href":"https:\/\/www.redevoluntariasitatiba.com.br\/cms\/wp-json\/wp\/v2\/users\/3"}],"replies":[{"embeddable":true,"href":"https:\/\/www.redevoluntariasitatiba.com.br\/cms\/wp-json\/wp\/v2\/comments?post=2440"}],"version-history":[{"count":1,"href":"https:\/\/www.redevoluntariasitatiba.com.br\/cms\/wp-json\/wp\/v2\/posts\/2440\/revisions"}],"predecessor-version":[{"id":2441,"href":"https:\/\/www.redevoluntariasitatiba.com.br\/cms\/wp-json\/wp\/v2\/posts\/2440\/revisions\/2441"}],"wp:featuredmedia":[{"embeddable":true,"href":"https:\/\/www.redevoluntariasitatiba.com.br\/cms\/wp-json\/wp\/v2\/media\/2442"}],"wp:attachment":[{"href":"https:\/\/www.redevoluntariasitatiba.com.br\/cms\/wp-json\/wp\/v2\/media?parent=2440"}],"wp:term":[{"taxonomy":"category","embeddable":true,"href":"https:\/\/www.redevoluntariasitatiba.com.br\/cms\/wp-json\/wp\/v2\/categories?post=2440"},{"taxonomy":"post_tag","embeddable":true,"href":"https:\/\/www.redevoluntariasitatiba.com.br\/cms\/wp-json\/wp\/v2\/tags?post=2440"}],"curies":[{"name":"wp","href":"https:\/\/api.w.org\/{rel}","templated":true}]}}