{"id":2443,"date":"2025-05-22T18:35:10","date_gmt":"2025-05-22T21:35:10","guid":{"rendered":"https:\/\/www.redevoluntariasitatiba.com.br\/cms\/?p=2443"},"modified":"2025-05-22T18:35:10","modified_gmt":"2025-05-22T21:35:10","slug":"cancer-colorretal-em-jovens","status":"publish","type":"post","link":"https:\/\/www.redevoluntariasitatiba.com.br\/cms\/2025\/05\/22\/cancer-colorretal-em-jovens\/","title":{"rendered":"C\u00e2ncer colorretal em jovens"},"content":{"rendered":"<h4>Crescimento da doen\u00e7a intriga especialistas em todo o mundo e estudos mostram que parte da resposta pode estar na primeira inf\u00e2ncia.<\/h4>\n<p>Para saber mais, acesse<\/p>\n<p><a href=\"https:\/\/www.estadao.com.br\/saude\/novas-pistas-apontam-por-que-o-cancer-colorretal-esta-aumentando-em-jovens\/?utm_source=estadao:app&amp;utm_medium=noticia:compartilhamento\">https:\/\/www.estadao.com.br\/saude\/novas-pistas-apontam-por-que-o-cancer-colorretal-esta-aumentando-em-jovens<\/a><\/p>\n","protected":false},"excerpt":{"rendered":"<p>Crescimento da doen\u00e7a intriga especialistas em todo o mundo e estudos mostram que parte da resposta pode estar na primeira inf\u00e2ncia. Para saber mais, acesse https:\/\/www.estadao.com.br\/saude\/novas-pistas-apontam-por-que-o-cancer-colorretal-esta-aumentando-em-jovens<\/p>\n","protected":false},"author":3,"featured_media":2457,"comment_status":"open","ping_status":"open","sticky":false,"template":"","format":"standard","meta":{"footnotes":""},"categories":[3],"tags":[],"class_list":["post-2443","post","type-post","status-publish","format-standard","has-post-thumbnail","hentry","category-saude"],"_links":{"self":[{"href":"https:\/\/www.redevoluntariasitatiba.com.br\/cms\/wp-json\/wp\/v2\/posts\/2443","targetHints":{"allow":["GET"]}}],"collection":[{"href":"https:\/\/www.redevoluntariasitatiba.com.br\/cms\/wp-json\/wp\/v2\/posts"}],"about":[{"href":"https:\/\/www.redevoluntariasitatiba.com.br\/cms\/wp-json\/wp\/v2\/types\/post"}],"author":[{"embeddable":true,"href":"https:\/\/www.redevoluntariasitatiba.com.br\/cms\/wp-json\/wp\/v2\/users\/3"}],"replies":[{"embeddable":true,"href":"https:\/\/www.redevoluntariasitatiba.com.br\/cms\/wp-json\/wp\/v2\/comments?post=2443"}],"version-history":[{"count":3,"href":"https:\/\/www.redevoluntariasitatiba.com.br\/cms\/wp-json\/wp\/v2\/posts\/2443\/revisions"}],"predecessor-version":[{"id":2458,"href":"https:\/\/www.redevoluntariasitatiba.com.br\/cms\/wp-json\/wp\/v2\/posts\/2443\/revisions\/2458"}],"wp:featuredmedia":[{"embeddable":true,"href":"https:\/\/www.redevoluntariasitatiba.com.br\/cms\/wp-json\/wp\/v2\/media\/2457"}],"wp:attachment":[{"href":"https:\/\/www.redevoluntariasitatiba.com.br\/cms\/wp-json\/wp\/v2\/media?parent=2443"}],"wp:term":[{"taxonomy":"category","embeddable":true,"href":"https:\/\/www.redevoluntariasitatiba.com.br\/cms\/wp-json\/wp\/v2\/categories?post=2443"},{"taxonomy":"post_tag","embeddable":true,"href":"https:\/\/www.redevoluntariasitatiba.com.br\/cms\/wp-json\/wp\/v2\/tags?post=2443"}],"curies":[{"name":"wp","href":"https:\/\/api.w.org\/{rel}","templated":true}]}}