{"id":2541,"date":"2025-10-14T12:43:26","date_gmt":"2025-10-14T15:43:26","guid":{"rendered":"https:\/\/www.redevoluntariasitatiba.com.br\/cms\/?p=2541"},"modified":"2025-10-14T12:43:26","modified_gmt":"2025-10-14T15:43:26","slug":"atencao-aos-sintomas","status":"publish","type":"post","link":"https:\/\/www.redevoluntariasitatiba.com.br\/cms\/2025\/10\/14\/atencao-aos-sintomas\/","title":{"rendered":"Aten\u00e7\u00e3o aos sintomas"},"content":{"rendered":"<p class=\"styles__ParagraphStyled-sc-6adecn-0 gsLklW \" data-component-name=\"paragraph\">Como oncologista, frequentemente sou questionado por familiares e amigos sobre linfonodos inchados. At\u00e9 eu, \u00e0s vezes, acho isso preocupante, e me pergunto se poderia ser sinal de\u00a0<a title=\"https:\/\/www.estadao.com.br\/tudo-sobre\/cancer\" href=\"https:\/\/www.estadao.com.br\/tudo-sobre\/cancer\" target=\"_blank\" rel=\"noopener\"><strong>c\u00e2ncer<\/strong><\/a><\/p>\n<div class=\"styles__MultiParagraphAdStyled-sc-1yb8ue6-0 dAAozZ\" data-component-name=\"multi-paragraph\">\n<div class=\" ads-container\">\n<div class=\"styles__Container-sc-1v8tg5g-0 fGpMYp\">\n<div class=\"ads-placeholder-wrapper\">\n<div id=\"tmeio1-1\" class=\"styles__AdSlotStyled-sc-1l64tzh-0 eotsDo formato-tmeio1\" data-google-query-id=\"CLfL_fWApJADFVxc3QId4ZgpCw\">\n<div id=\"google_ads_iframe_\/118650305\/saude\/noticia_1__container__\">\n<p>Deveria saber melhor. A maioria dos linfonodos incha como rea\u00e7\u00e3o a uma infec\u00e7\u00e3o ou inflama\u00e7\u00e3o subjacente e n\u00e3o \u00e9 motivo de preocupa\u00e7\u00e3o.<\/p>\n<p>Para saber mais, acesse<\/p>\n<\/div>\n<\/div>\n<\/div>\n<\/div>\n<\/div>\n<\/div>\n<p><a href=\"https:\/\/www.estadao.com.br\/saude\/sou-oncologista-aqui-estao-alguns-sintomas-comuns-de-cancer-que-voce-precisa-conhecer\/?utm_source=estadao:app&amp;utm_medium=noticia:compartilhamento\">https:\/\/www.estadao.com.br\/saude\/sou-oncologista-aqui-estao-alguns-sintomas-comuns-de-cancer-que-voce-precisa-conhecer<\/a><\/p>\n","protected":false},"excerpt":{"rendered":"<p>Como oncologista, frequentemente sou questionado por familiares e amigos sobre linfonodos inchados. At\u00e9 eu, \u00e0s vezes, acho isso preocupante, e me pergunto se poderia ser sinal de\u00a0c\u00e2ncer Deveria saber melhor. A maioria dos linfonodos incha como rea\u00e7\u00e3o a uma infec\u00e7\u00e3o ou inflama\u00e7\u00e3o subjacente e n\u00e3o \u00e9 motivo de preocupa\u00e7\u00e3o. Para saber mais, acesse https:\/\/www.estadao.com.br\/saude\/sou-oncologista-aqui-estao-alguns-sintomas-comuns-de-cancer-que-voce-precisa-conhecer<\/p>\n","protected":false},"author":3,"featured_media":2362,"comment_status":"open","ping_status":"open","sticky":false,"template":"","format":"standard","meta":{"footnotes":""},"categories":[3],"tags":[],"class_list":["post-2541","post","type-post","status-publish","format-standard","has-post-thumbnail","hentry","category-saude"],"_links":{"self":[{"href":"https:\/\/www.redevoluntariasitatiba.com.br\/cms\/wp-json\/wp\/v2\/posts\/2541","targetHints":{"allow":["GET"]}}],"collection":[{"href":"https:\/\/www.redevoluntariasitatiba.com.br\/cms\/wp-json\/wp\/v2\/posts"}],"about":[{"href":"https:\/\/www.redevoluntariasitatiba.com.br\/cms\/wp-json\/wp\/v2\/types\/post"}],"author":[{"embeddable":true,"href":"https:\/\/www.redevoluntariasitatiba.com.br\/cms\/wp-json\/wp\/v2\/users\/3"}],"replies":[{"embeddable":true,"href":"https:\/\/www.redevoluntariasitatiba.com.br\/cms\/wp-json\/wp\/v2\/comments?post=2541"}],"version-history":[{"count":3,"href":"https:\/\/www.redevoluntariasitatiba.com.br\/cms\/wp-json\/wp\/v2\/posts\/2541\/revisions"}],"predecessor-version":[{"id":2544,"href":"https:\/\/www.redevoluntariasitatiba.com.br\/cms\/wp-json\/wp\/v2\/posts\/2541\/revisions\/2544"}],"wp:featuredmedia":[{"embeddable":true,"href":"https:\/\/www.redevoluntariasitatiba.com.br\/cms\/wp-json\/wp\/v2\/media\/2362"}],"wp:attachment":[{"href":"https:\/\/www.redevoluntariasitatiba.com.br\/cms\/wp-json\/wp\/v2\/media?parent=2541"}],"wp:term":[{"taxonomy":"category","embeddable":true,"href":"https:\/\/www.redevoluntariasitatiba.com.br\/cms\/wp-json\/wp\/v2\/categories?post=2541"},{"taxonomy":"post_tag","embeddable":true,"href":"https:\/\/www.redevoluntariasitatiba.com.br\/cms\/wp-json\/wp\/v2\/tags?post=2541"}],"curies":[{"name":"wp","href":"https:\/\/api.w.org\/{rel}","templated":true}]}}