{"id":2599,"date":"2026-04-23T10:09:49","date_gmt":"2026-04-23T13:09:49","guid":{"rendered":"https:\/\/www.redevoluntariasitatiba.com.br\/cms\/?p=2599"},"modified":"2026-04-23T10:09:49","modified_gmt":"2026-04-23T13:09:49","slug":"festa-do-caqui-como-foi","status":"publish","type":"post","link":"https:\/\/www.redevoluntariasitatiba.com.br\/cms\/2026\/04\/23\/festa-do-caqui-como-foi\/","title":{"rendered":"Festa do Caqui, como foi&#8230;."},"content":{"rendered":"<p>Hoje queremos expressar nossa imensa gratid\u00e3o a toda popula\u00e7\u00e3o pelo carinho, presen\u00e7a e apoio na Festa do Caqui. \ud83d\udc9b<br \/>\nFoi uma festa maravilhosa, cheia de alegria, uni\u00e3o e solidariedade. Cada participa\u00e7\u00e3o, cada gesto e cada contribui\u00e7\u00e3o fizeram toda a diferen\u00e7a.<br \/>\nGra\u00e7as a voc\u00eas, o resultado desse evento ir\u00e1 contribuir muito na compra de medicamentos para os assistidos da nossa entidade, levando mais cuidado, dignidade e qualidade de vida a quem precisa.<br \/>\nNosso muito obrigado a todos que fizeram parte desse momento t\u00e3o especial. Que possamos continuar juntos, fazendo o bem e transformando vidas! \ud83d\ude4f<\/p>\n<p><img loading=\"lazy\" decoding=\"async\" class=\"alignnone size-medium wp-image-2388\" src=\"https:\/\/www.redevoluntariasitatiba.com.br\/cms\/wp-content\/uploads\/2025\/03\/cms-rede-caqui-2025-300x200.jpg\" alt=\"\" width=\"300\" height=\"200\" srcset=\"https:\/\/www.redevoluntariasitatiba.com.br\/cms\/wp-content\/uploads\/2025\/03\/cms-rede-caqui-2025-300x200.jpg 300w, https:\/\/www.redevoluntariasitatiba.com.br\/cms\/wp-content\/uploads\/2025\/03\/cms-rede-caqui-2025-768x511.jpg 768w, https:\/\/www.redevoluntariasitatiba.com.br\/cms\/wp-content\/uploads\/2025\/03\/cms-rede-caqui-2025-750x500.jpg 750w, https:\/\/www.redevoluntariasitatiba.com.br\/cms\/wp-content\/uploads\/2025\/03\/cms-rede-caqui-2025.jpg 900w\" sizes=\"auto, (max-width: 300px) 100vw, 300px\" \/><\/p>\n","protected":false},"excerpt":{"rendered":"<p>Hoje queremos expressar nossa imensa gratid\u00e3o a toda popula\u00e7\u00e3o pelo carinho, presen\u00e7a e apoio na Festa do Caqui. \ud83d\udc9b Foi uma festa maravilhosa, cheia de alegria, uni\u00e3o e solidariedade. Cada participa\u00e7\u00e3o, cada gesto e cada contribui\u00e7\u00e3o fizeram toda a diferen\u00e7a. Gra\u00e7as a voc\u00eas, o resultado desse evento ir\u00e1 contribuir muito na compra de medicamentos para <a href=\"https:\/\/www.redevoluntariasitatiba.com.br\/cms\/2026\/04\/23\/festa-do-caqui-como-foi\/\" rel=\"nofollow\"><span class=\"sr-only\">Leia mais sobreFesta do Caqui, como foi&#8230;.<\/span>[&hellip;]<\/a><\/p>\n","protected":false},"author":3,"featured_media":2388,"comment_status":"open","ping_status":"open","sticky":false,"template":"","format":"standard","meta":{"footnotes":""},"categories":[5,6],"tags":[],"class_list":["post-2599","post","type-post","status-publish","format-standard","has-post-thumbnail","hentry","category-aconteceu","category-eventos"],"_links":{"self":[{"href":"https:\/\/www.redevoluntariasitatiba.com.br\/cms\/wp-json\/wp\/v2\/posts\/2599","targetHints":{"allow":["GET"]}}],"collection":[{"href":"https:\/\/www.redevoluntariasitatiba.com.br\/cms\/wp-json\/wp\/v2\/posts"}],"about":[{"href":"https:\/\/www.redevoluntariasitatiba.com.br\/cms\/wp-json\/wp\/v2\/types\/post"}],"author":[{"embeddable":true,"href":"https:\/\/www.redevoluntariasitatiba.com.br\/cms\/wp-json\/wp\/v2\/users\/3"}],"replies":[{"embeddable":true,"href":"https:\/\/www.redevoluntariasitatiba.com.br\/cms\/wp-json\/wp\/v2\/comments?post=2599"}],"version-history":[{"count":1,"href":"https:\/\/www.redevoluntariasitatiba.com.br\/cms\/wp-json\/wp\/v2\/posts\/2599\/revisions"}],"predecessor-version":[{"id":2600,"href":"https:\/\/www.redevoluntariasitatiba.com.br\/cms\/wp-json\/wp\/v2\/posts\/2599\/revisions\/2600"}],"wp:featuredmedia":[{"embeddable":true,"href":"https:\/\/www.redevoluntariasitatiba.com.br\/cms\/wp-json\/wp\/v2\/media\/2388"}],"wp:attachment":[{"href":"https:\/\/www.redevoluntariasitatiba.com.br\/cms\/wp-json\/wp\/v2\/media?parent=2599"}],"wp:term":[{"taxonomy":"category","embeddable":true,"href":"https:\/\/www.redevoluntariasitatiba.com.br\/cms\/wp-json\/wp\/v2\/categories?post=2599"},{"taxonomy":"post_tag","embeddable":true,"href":"https:\/\/www.redevoluntariasitatiba.com.br\/cms\/wp-json\/wp\/v2\/tags?post=2599"}],"curies":[{"name":"wp","href":"https:\/\/api.w.org\/{rel}","templated":true}]}}