{"id":2601,"date":"2026-04-23T10:20:42","date_gmt":"2026-04-23T13:20:42","guid":{"rendered":"https:\/\/www.redevoluntariasitatiba.com.br\/cms\/?p=2601"},"modified":"2026-04-23T10:25:07","modified_gmt":"2026-04-23T13:25:07","slug":"cafe-com-artesanato","status":"publish","type":"post","link":"https:\/\/www.redevoluntariasitatiba.com.br\/cms\/2026\/04\/23\/cafe-com-artesanato\/","title":{"rendered":"Caf\u00e9 com Artesanato!"},"content":{"rendered":"<p>Convite especial! \u2728\u2615<br \/>\nVoc\u00ea \u00e9 nosso convidado para participar do Caf\u00e9 com Artesanato, que acontecer\u00e1 na pr\u00f3xima sexta-feira, dia 24, aqui em nossa sede!<br \/>\nSer\u00e1 um momento especial de conviv\u00eancia, com muito carinho, pe\u00e7as artesanais encantadoras e aquele caf\u00e9 delicioso que aquece o cora\u00e7\u00e3o. \ud83d\udc9b<br \/>\nVenha prestigiar, apoiar o trabalho artesanal de nossas volunt\u00e1rias e aproveitar um ambiente acolhedor, feito com dedica\u00e7\u00e3o para voc\u00ea!<br \/>\nEsperamos por voc\u00ea! \ud83d\ude0a<\/p>\n","protected":false},"excerpt":{"rendered":"<p>Convite especial! \u2728\u2615 Voc\u00ea \u00e9 nosso convidado para participar do Caf\u00e9 com Artesanato, que acontecer\u00e1 na pr\u00f3xima sexta-feira, dia 24, aqui em nossa sede! Ser\u00e1 um momento especial de conviv\u00eancia, com muito carinho, pe\u00e7as artesanais encantadoras e aquele caf\u00e9 delicioso que aquece o cora\u00e7\u00e3o. \ud83d\udc9b Venha prestigiar, apoiar o trabalho artesanal de nossas volunt\u00e1rias e <a href=\"https:\/\/www.redevoluntariasitatiba.com.br\/cms\/2026\/04\/23\/cafe-com-artesanato\/\" rel=\"nofollow\"><span class=\"sr-only\">Leia mais sobreCaf\u00e9 com Artesanato!<\/span>[&hellip;]<\/a><\/p>\n","protected":false},"author":3,"featured_media":2603,"comment_status":"open","ping_status":"open","sticky":false,"template":"","format":"standard","meta":{"footnotes":""},"categories":[4,6],"tags":[],"class_list":["post-2601","post","type-post","status-publish","format-standard","has-post-thumbnail","hentry","category-acontece","category-eventos"],"_links":{"self":[{"href":"https:\/\/www.redevoluntariasitatiba.com.br\/cms\/wp-json\/wp\/v2\/posts\/2601","targetHints":{"allow":["GET"]}}],"collection":[{"href":"https:\/\/www.redevoluntariasitatiba.com.br\/cms\/wp-json\/wp\/v2\/posts"}],"about":[{"href":"https:\/\/www.redevoluntariasitatiba.com.br\/cms\/wp-json\/wp\/v2\/types\/post"}],"author":[{"embeddable":true,"href":"https:\/\/www.redevoluntariasitatiba.com.br\/cms\/wp-json\/wp\/v2\/users\/3"}],"replies":[{"embeddable":true,"href":"https:\/\/www.redevoluntariasitatiba.com.br\/cms\/wp-json\/wp\/v2\/comments?post=2601"}],"version-history":[{"count":3,"href":"https:\/\/www.redevoluntariasitatiba.com.br\/cms\/wp-json\/wp\/v2\/posts\/2601\/revisions"}],"predecessor-version":[{"id":2605,"href":"https:\/\/www.redevoluntariasitatiba.com.br\/cms\/wp-json\/wp\/v2\/posts\/2601\/revisions\/2605"}],"wp:featuredmedia":[{"embeddable":true,"href":"https:\/\/www.redevoluntariasitatiba.com.br\/cms\/wp-json\/wp\/v2\/media\/2603"}],"wp:attachment":[{"href":"https:\/\/www.redevoluntariasitatiba.com.br\/cms\/wp-json\/wp\/v2\/media?parent=2601"}],"wp:term":[{"taxonomy":"category","embeddable":true,"href":"https:\/\/www.redevoluntariasitatiba.com.br\/cms\/wp-json\/wp\/v2\/categories?post=2601"},{"taxonomy":"post_tag","embeddable":true,"href":"https:\/\/www.redevoluntariasitatiba.com.br\/cms\/wp-json\/wp\/v2\/tags?post=2601"}],"curies":[{"name":"wp","href":"https:\/\/api.w.org\/{rel}","templated":true}]}}