{"id":380,"date":"2018-11-02T19:55:24","date_gmt":"2018-11-02T22:55:24","guid":{"rendered":"http:\/\/www.redevoluntariasitatiba.com.br\/cms\/?p=380"},"modified":"2018-11-02T20:05:34","modified_gmt":"2018-11-02T23:05:34","slug":"eventos-sociais-ii","status":"publish","type":"post","link":"https:\/\/www.redevoluntariasitatiba.com.br\/cms\/2018\/11\/02\/eventos-sociais-ii\/","title":{"rendered":"Eventos Sociais II"},"content":{"rendered":"<p><span style=\"text-decoration: underline;\"><strong>Visita a nossa sede pela Rota das Bandeiras\u00a0<\/strong><\/span><\/p>\n<p>A REDE recebeu a visita de colaboradoras da concession\u00e1ria Rota das Bandeiras para um caf\u00e9 da manh\u00e3. Apresentamos a sede, discorremos sobre o hist\u00f3rico, a miss\u00e3o e os valores da REDE e ao longo desse encontro, um proveitoso bate papo sobre\u00a0 preven\u00e7\u00e3o, exames, tratamento e respondemos a muitas d\u00favidas.<\/p>\n<p><img loading=\"lazy\" decoding=\"async\" class=\"alignnone size-medium wp-image-382\" src=\"http:\/\/www.redevoluntariasitatiba.com.br\/cms\/wp-content\/uploads\/2018\/11\/cms-visita-rota-das-bandeiras-photo-2018-10-30-11-44-38-300x225.jpg\" alt=\"\" width=\"300\" height=\"225\" srcset=\"https:\/\/www.redevoluntariasitatiba.com.br\/cms\/wp-content\/uploads\/2018\/11\/cms-visita-rota-das-bandeiras-photo-2018-10-30-11-44-38-300x225.jpg 300w, https:\/\/www.redevoluntariasitatiba.com.br\/cms\/wp-content\/uploads\/2018\/11\/cms-visita-rota-das-bandeiras-photo-2018-10-30-11-44-38-768x576.jpg 768w, https:\/\/www.redevoluntariasitatiba.com.br\/cms\/wp-content\/uploads\/2018\/11\/cms-visita-rota-das-bandeiras-photo-2018-10-30-11-44-38-1024x768.jpg 1024w, https:\/\/www.redevoluntariasitatiba.com.br\/cms\/wp-content\/uploads\/2018\/11\/cms-visita-rota-das-bandeiras-photo-2018-10-30-11-44-38-285x214.jpg 285w, https:\/\/www.redevoluntariasitatiba.com.br\/cms\/wp-content\/uploads\/2018\/11\/cms-visita-rota-das-bandeiras-photo-2018-10-30-11-44-38.jpg 1032w\" sizes=\"auto, (max-width: 300px) 100vw, 300px\" \/><\/p>\n","protected":false},"excerpt":{"rendered":"<p>Visita a nossa sede pela Rota das Bandeiras\u00a0 A REDE recebeu a visita de colaboradoras da concession\u00e1ria Rota das Bandeiras para um caf\u00e9 da manh\u00e3. Apresentamos a sede, discorremos sobre o hist\u00f3rico, a miss\u00e3o e os valores da REDE e ao longo desse encontro, um proveitoso bate papo sobre\u00a0 preven\u00e7\u00e3o, exames, tratamento e respondemos a <a href=\"https:\/\/www.redevoluntariasitatiba.com.br\/cms\/2018\/11\/02\/eventos-sociais-ii\/\" rel=\"nofollow\"><span class=\"sr-only\">Leia mais sobreEventos Sociais II<\/span>[&hellip;]<\/a><\/p>\n","protected":false},"author":3,"featured_media":382,"comment_status":"open","ping_status":"open","sticky":false,"template":"","format":"standard","meta":{"footnotes":""},"categories":[5,6],"tags":[],"class_list":["post-380","post","type-post","status-publish","format-standard","has-post-thumbnail","hentry","category-aconteceu","category-eventos"],"_links":{"self":[{"href":"https:\/\/www.redevoluntariasitatiba.com.br\/cms\/wp-json\/wp\/v2\/posts\/380","targetHints":{"allow":["GET"]}}],"collection":[{"href":"https:\/\/www.redevoluntariasitatiba.com.br\/cms\/wp-json\/wp\/v2\/posts"}],"about":[{"href":"https:\/\/www.redevoluntariasitatiba.com.br\/cms\/wp-json\/wp\/v2\/types\/post"}],"author":[{"embeddable":true,"href":"https:\/\/www.redevoluntariasitatiba.com.br\/cms\/wp-json\/wp\/v2\/users\/3"}],"replies":[{"embeddable":true,"href":"https:\/\/www.redevoluntariasitatiba.com.br\/cms\/wp-json\/wp\/v2\/comments?post=380"}],"version-history":[{"count":2,"href":"https:\/\/www.redevoluntariasitatiba.com.br\/cms\/wp-json\/wp\/v2\/posts\/380\/revisions"}],"predecessor-version":[{"id":383,"href":"https:\/\/www.redevoluntariasitatiba.com.br\/cms\/wp-json\/wp\/v2\/posts\/380\/revisions\/383"}],"wp:featuredmedia":[{"embeddable":true,"href":"https:\/\/www.redevoluntariasitatiba.com.br\/cms\/wp-json\/wp\/v2\/media\/382"}],"wp:attachment":[{"href":"https:\/\/www.redevoluntariasitatiba.com.br\/cms\/wp-json\/wp\/v2\/media?parent=380"}],"wp:term":[{"taxonomy":"category","embeddable":true,"href":"https:\/\/www.redevoluntariasitatiba.com.br\/cms\/wp-json\/wp\/v2\/categories?post=380"},{"taxonomy":"post_tag","embeddable":true,"href":"https:\/\/www.redevoluntariasitatiba.com.br\/cms\/wp-json\/wp\/v2\/tags?post=380"}],"curies":[{"name":"wp","href":"https:\/\/api.w.org\/{rel}","templated":true}]}}