{"id":469,"date":"2019-01-31T18:48:12","date_gmt":"2019-01-31T20:48:12","guid":{"rendered":"http:\/\/www.redevoluntariasitatiba.com.br\/cms\/?p=469"},"modified":"2019-01-31T19:10:04","modified_gmt":"2019-01-31T21:10:04","slug":"verao-laranja","status":"publish","type":"post","link":"https:\/\/www.redevoluntariasitatiba.com.br\/cms\/2019\/01\/31\/verao-laranja\/","title":{"rendered":"Ver\u00e3o Laranja"},"content":{"rendered":"<h3>Ver\u00e3o Laranja<\/h3>\n<p>Um pa\u00eds com menos casos de c\u00e2ncer da pele \u00e9 meta alcan\u00e7\u00e1vel, e a Sociedade Brasileira de Dermatologia (SBD) est\u00e1 comprometida em reduzir a incid\u00eancia da doen\u00e7a e sua mortalidade.<br \/>\nEmbora o mote da campanha promovida pela SBD , seja Dezembro Laranja, onde ocorre uma s\u00e9rie de eventos, a REDE, no sentido\u00a0 de colaborar com a popula\u00e7\u00e3o de Itatiba, e seus pacientes , considera as recomenda\u00e7\u00f5es aqui contidas no sentido da preven\u00e7\u00e3o do c\u00e2ncer de pele, fundamentais para todo o Ver\u00e3o !!!!<\/p>\n<p><a href=\"http:\/\/www.sbd.org.br\/dezembroLaranja\">http:\/\/www.sbd.org.br\/dezembroLaranja<\/a><\/p>\n<p>&nbsp;<\/p>\n","protected":false},"excerpt":{"rendered":"<p>Ver\u00e3o Laranja Um pa\u00eds com menos casos de c\u00e2ncer da pele \u00e9 meta alcan\u00e7\u00e1vel, e a Sociedade Brasileira de Dermatologia (SBD) est\u00e1 comprometida em reduzir a incid\u00eancia da doen\u00e7a e sua mortalidade. Embora o mote da campanha promovida pela SBD , seja Dezembro Laranja, onde ocorre uma s\u00e9rie de eventos, a REDE, no sentido\u00a0 de <a href=\"https:\/\/www.redevoluntariasitatiba.com.br\/cms\/2019\/01\/31\/verao-laranja\/\" rel=\"nofollow\"><span class=\"sr-only\">Leia mais sobreVer\u00e3o Laranja<\/span>[&hellip;]<\/a><\/p>\n","protected":false},"author":3,"featured_media":468,"comment_status":"open","ping_status":"open","sticky":false,"template":"","format":"standard","meta":{"footnotes":""},"categories":[3],"tags":[],"class_list":["post-469","post","type-post","status-publish","format-standard","has-post-thumbnail","hentry","category-saude"],"_links":{"self":[{"href":"https:\/\/www.redevoluntariasitatiba.com.br\/cms\/wp-json\/wp\/v2\/posts\/469","targetHints":{"allow":["GET"]}}],"collection":[{"href":"https:\/\/www.redevoluntariasitatiba.com.br\/cms\/wp-json\/wp\/v2\/posts"}],"about":[{"href":"https:\/\/www.redevoluntariasitatiba.com.br\/cms\/wp-json\/wp\/v2\/types\/post"}],"author":[{"embeddable":true,"href":"https:\/\/www.redevoluntariasitatiba.com.br\/cms\/wp-json\/wp\/v2\/users\/3"}],"replies":[{"embeddable":true,"href":"https:\/\/www.redevoluntariasitatiba.com.br\/cms\/wp-json\/wp\/v2\/comments?post=469"}],"version-history":[{"count":4,"href":"https:\/\/www.redevoluntariasitatiba.com.br\/cms\/wp-json\/wp\/v2\/posts\/469\/revisions"}],"predecessor-version":[{"id":474,"href":"https:\/\/www.redevoluntariasitatiba.com.br\/cms\/wp-json\/wp\/v2\/posts\/469\/revisions\/474"}],"wp:featuredmedia":[{"embeddable":true,"href":"https:\/\/www.redevoluntariasitatiba.com.br\/cms\/wp-json\/wp\/v2\/media\/468"}],"wp:attachment":[{"href":"https:\/\/www.redevoluntariasitatiba.com.br\/cms\/wp-json\/wp\/v2\/media?parent=469"}],"wp:term":[{"taxonomy":"category","embeddable":true,"href":"https:\/\/www.redevoluntariasitatiba.com.br\/cms\/wp-json\/wp\/v2\/categories?post=469"},{"taxonomy":"post_tag","embeddable":true,"href":"https:\/\/www.redevoluntariasitatiba.com.br\/cms\/wp-json\/wp\/v2\/tags?post=469"}],"curies":[{"name":"wp","href":"https:\/\/api.w.org\/{rel}","templated":true}]}}