{"id":477,"date":"2019-02-04T22:11:40","date_gmt":"2019-02-05T00:11:40","guid":{"rendered":"http:\/\/www.redevoluntariasitatiba.com.br\/cms\/?p=477"},"modified":"2019-02-04T22:31:36","modified_gmt":"2019-02-05T00:31:36","slug":"no-dia-de-combate-ao-cancer","status":"publish","type":"post","link":"https:\/\/www.redevoluntariasitatiba.com.br\/cms\/2019\/02\/04\/no-dia-de-combate-ao-cancer\/","title":{"rendered":"No dia de combate ao c\u00e2ncer&#8230;&#8230;"},"content":{"rendered":"<p>A campanha global Eu Sou e Eu Vou, organizada pela Uni\u00e3o Internacional de Controle do C\u00e2ncer (UICC),<br \/>\nmarca o Dia Mundial de Combate ao C\u00e2ncer, 04\/02\/19<\/p>\n<p><!--more--><\/p>\n<p><a href=\"https:\/\/vivabem.uol.com.br\/noticias\/redacao\/2019\/02\/04\/no-dia-de-combate-ao-cancer-entidades-defendem-rapidez-em-diagnostico.htm\">https:\/\/vivabem.uol.com.br\/noticias\/redacao\/2019\/02\/04\/no-dia-de-combate-ao-cancer-entidades-defendem-rapidez-em-diagnostico.htm<\/a><\/p>\n","protected":false},"excerpt":{"rendered":"<p>A campanha global Eu Sou e Eu Vou, organizada pela Uni\u00e3o Internacional de Controle do C\u00e2ncer (UICC), marca o Dia Mundial de Combate ao C\u00e2ncer, 04\/02\/19<\/p>\n","protected":false},"author":3,"featured_media":479,"comment_status":"open","ping_status":"open","sticky":false,"template":"","format":"standard","meta":{"footnotes":""},"categories":[3],"tags":[],"class_list":["post-477","post","type-post","status-publish","format-standard","has-post-thumbnail","hentry","category-saude"],"_links":{"self":[{"href":"https:\/\/www.redevoluntariasitatiba.com.br\/cms\/wp-json\/wp\/v2\/posts\/477","targetHints":{"allow":["GET"]}}],"collection":[{"href":"https:\/\/www.redevoluntariasitatiba.com.br\/cms\/wp-json\/wp\/v2\/posts"}],"about":[{"href":"https:\/\/www.redevoluntariasitatiba.com.br\/cms\/wp-json\/wp\/v2\/types\/post"}],"author":[{"embeddable":true,"href":"https:\/\/www.redevoluntariasitatiba.com.br\/cms\/wp-json\/wp\/v2\/users\/3"}],"replies":[{"embeddable":true,"href":"https:\/\/www.redevoluntariasitatiba.com.br\/cms\/wp-json\/wp\/v2\/comments?post=477"}],"version-history":[{"count":8,"href":"https:\/\/www.redevoluntariasitatiba.com.br\/cms\/wp-json\/wp\/v2\/posts\/477\/revisions"}],"predecessor-version":[{"id":486,"href":"https:\/\/www.redevoluntariasitatiba.com.br\/cms\/wp-json\/wp\/v2\/posts\/477\/revisions\/486"}],"wp:featuredmedia":[{"embeddable":true,"href":"https:\/\/www.redevoluntariasitatiba.com.br\/cms\/wp-json\/wp\/v2\/media\/479"}],"wp:attachment":[{"href":"https:\/\/www.redevoluntariasitatiba.com.br\/cms\/wp-json\/wp\/v2\/media?parent=477"}],"wp:term":[{"taxonomy":"category","embeddable":true,"href":"https:\/\/www.redevoluntariasitatiba.com.br\/cms\/wp-json\/wp\/v2\/categories?post=477"},{"taxonomy":"post_tag","embeddable":true,"href":"https:\/\/www.redevoluntariasitatiba.com.br\/cms\/wp-json\/wp\/v2\/tags?post=477"}],"curies":[{"name":"wp","href":"https:\/\/api.w.org\/{rel}","templated":true}]}}