{"id":502,"date":"2019-02-18T19:17:27","date_gmt":"2019-02-18T22:17:27","guid":{"rendered":"http:\/\/www.redevoluntariasitatiba.com.br\/cms\/?p=502"},"modified":"2019-02-24T21:28:32","modified_gmt":"2019-02-25T00:28:32","slug":"palavra-da-presidente-2019","status":"publish","type":"post","link":"https:\/\/www.redevoluntariasitatiba.com.br\/cms\/2019\/02\/18\/palavra-da-presidente-2019\/","title":{"rendered":"Palavra da Presidente &#8211; 2019"},"content":{"rendered":"\n<p><strong>Mensagem da Presidente para\n2019<\/strong><\/p>\n\n\n\n<p>Ano\nNovo, vida nova e energias renovadas !! \u00c9 com este \u00e2nimo, que a equipe de\nvolunt\u00e1rias e funcion\u00e1rios de nossa Rede de Volunt\u00e1rias de Combate ao C\u00e2ncer de\nItatiba, dar\u00e1 in\u00edcio a mais um ano de trabalho e dedica\u00e7\u00e3o, sempre preocupada\nem atender, cuidar e tratar de forma cont\u00ednua e efetiva as pessoas portadoras\nde c\u00e2ncer e sem condi\u00e7\u00f5es financeiras de arcar com o custo da medica\u00e7\u00e3o. <\/p>\n\n\n\n<p>Temos\num grande desafio pela frente, mas estamos certos que conseguiremos vencer,\ngra\u00e7as ao empenho de nossas volunt\u00e1rias e o aux\u00edlio de todos que confiam e\napoiam a nossa causa! <\/p>\n\n\n\n<p>Por\nisso, vamos, com muita f\u00e9 e coragem, dar continuidade ao nosso trabalho de\namenizar a dor de nossos pacientes atingidos pelo c\u00e2ncer, assim como de seus\nfamiliares, atrav\u00e9s da doa\u00e7\u00e3o de medicamentos e apoio de nossos servi\u00e7os de assist\u00eancia\nsocial e psicol\u00f3gica.<\/p>\n\n\n\n<p>Com o intuito de arrecadar fundos para o que nos propusemos, e assim como fazemos todos os anos, j\u00e1 estamos prevendo e organizando alguns eventos para 2019. \u00c1 medida que forem ocorrendo, informaremos atrav\u00e9s de nossas m\u00eddias e principalmente pelo site <\/p>\n\n\n\n<p><a href=\"http:\/\/www.redevoluntariasitatiba.com.br\/cms\">http:\/\/www.redevoluntariasitatiba.com.br\/cms<\/a><\/p>\n\n\n\n<p>O primeiro a acontecer ser\u00e1 o \u201c <strong>Tarde de Ver\u00e3o<\/strong>\u201d no dia 20\/03, com in\u00edcio previsto para as 14 horas, no Itatiba Esporte Clube.<\/p>\n\n\n\n<p>Fiquem\natentos a nossa programa\u00e7\u00e3o e contamos como sempre, com a determina\u00e7\u00e3o de\nnossas volunt\u00e1rias e apoio da popula\u00e7\u00e3o de Itatiba !! &nbsp;<\/p>\n\n\n\n<p>Muito Obrigada \/ Maria Lenice&nbsp;&nbsp;&nbsp;&nbsp;&nbsp;&nbsp; &nbsp;&nbsp;&nbsp;<\/p>\n","protected":false},"excerpt":{"rendered":"<p>Mensagem da Presidente para 2019 Ano Novo, vida nova e energias renovadas !! \u00c9 com este \u00e2nimo, que a equipe de volunt\u00e1rias e funcion\u00e1rios de nossa Rede de Volunt\u00e1rias de Combate ao C\u00e2ncer de Itatiba, dar\u00e1 in\u00edcio a mais um ano de trabalho e dedica\u00e7\u00e3o, sempre preocupada em atender, cuidar e tratar de forma cont\u00ednua <a href=\"https:\/\/www.redevoluntariasitatiba.com.br\/cms\/2019\/02\/18\/palavra-da-presidente-2019\/\" rel=\"nofollow\"><span class=\"sr-only\">Leia mais sobrePalavra da Presidente &#8211; 2019<\/span>[&hellip;]<\/a><\/p>\n","protected":false},"author":3,"featured_media":503,"comment_status":"open","ping_status":"open","sticky":false,"template":"","format":"standard","meta":{"footnotes":""},"categories":[3],"tags":[],"class_list":["post-502","post","type-post","status-publish","format-standard","has-post-thumbnail","hentry","category-saude"],"_links":{"self":[{"href":"https:\/\/www.redevoluntariasitatiba.com.br\/cms\/wp-json\/wp\/v2\/posts\/502","targetHints":{"allow":["GET"]}}],"collection":[{"href":"https:\/\/www.redevoluntariasitatiba.com.br\/cms\/wp-json\/wp\/v2\/posts"}],"about":[{"href":"https:\/\/www.redevoluntariasitatiba.com.br\/cms\/wp-json\/wp\/v2\/types\/post"}],"author":[{"embeddable":true,"href":"https:\/\/www.redevoluntariasitatiba.com.br\/cms\/wp-json\/wp\/v2\/users\/3"}],"replies":[{"embeddable":true,"href":"https:\/\/www.redevoluntariasitatiba.com.br\/cms\/wp-json\/wp\/v2\/comments?post=502"}],"version-history":[{"count":2,"href":"https:\/\/www.redevoluntariasitatiba.com.br\/cms\/wp-json\/wp\/v2\/posts\/502\/revisions"}],"predecessor-version":[{"id":506,"href":"https:\/\/www.redevoluntariasitatiba.com.br\/cms\/wp-json\/wp\/v2\/posts\/502\/revisions\/506"}],"wp:featuredmedia":[{"embeddable":true,"href":"https:\/\/www.redevoluntariasitatiba.com.br\/cms\/wp-json\/wp\/v2\/media\/503"}],"wp:attachment":[{"href":"https:\/\/www.redevoluntariasitatiba.com.br\/cms\/wp-json\/wp\/v2\/media?parent=502"}],"wp:term":[{"taxonomy":"category","embeddable":true,"href":"https:\/\/www.redevoluntariasitatiba.com.br\/cms\/wp-json\/wp\/v2\/categories?post=502"},{"taxonomy":"post_tag","embeddable":true,"href":"https:\/\/www.redevoluntariasitatiba.com.br\/cms\/wp-json\/wp\/v2\/tags?post=502"}],"curies":[{"name":"wp","href":"https:\/\/api.w.org\/{rel}","templated":true}]}}