{"id":564,"date":"2019-03-26T10:52:07","date_gmt":"2019-03-26T13:52:07","guid":{"rendered":"http:\/\/www.redevoluntariasitatiba.com.br\/cms\/?p=564"},"modified":"2019-03-26T10:52:07","modified_gmt":"2019-03-26T13:52:07","slug":"os-62-anos-da-rede","status":"publish","type":"post","link":"https:\/\/www.redevoluntariasitatiba.com.br\/cms\/2019\/03\/26\/os-62-anos-da-rede\/","title":{"rendered":"Os 62 anos da REDE !!!"},"content":{"rendered":"\n<p>A <em><strong>Rede de Volunt\u00e1rias de Combate ao C\u00e2ncer de Itatiba<\/strong><\/em> ou simplesmente REDE, existe desde 1957,  sempre atuando no apoio aos portadores de c\u00e2ncer, seja fornecendo complementarmente medicamentos, suplementos alimentares e vitam\u00ednicos, elementos de higiene pessoal, ou assist\u00eancia social e psicol\u00f3gica aos pacientes e seus familiares mais diretos, atendendo em m\u00e9dia cerca de 140 pacientes \/mes.<\/p>\n\n\n\n<p>E para comemorar os 62 anos de exist\u00eancia e atua\u00e7\u00e3o da REDE , o nosso querido Padre Maycon, celebrou missa comemorativa na ultima 5a feira, dia 21, na Igreja Nossa Senhora do Ros\u00e1rio, com a presen\u00e7a de nossa diretoria e volunt\u00e1rias !!!<\/p>\n","protected":false},"excerpt":{"rendered":"<p>A Rede de Volunt\u00e1rias de Combate ao C\u00e2ncer de Itatiba ou simplesmente REDE, existe desde 1957, sempre atuando no apoio aos portadores de c\u00e2ncer, seja fornecendo complementarmente medicamentos, suplementos alimentares e vitam\u00ednicos, elementos de higiene pessoal, ou assist\u00eancia social e psicol\u00f3gica aos pacientes e seus familiares mais diretos, atendendo em m\u00e9dia cerca de 140 pacientes <a href=\"https:\/\/www.redevoluntariasitatiba.com.br\/cms\/2019\/03\/26\/os-62-anos-da-rede\/\" rel=\"nofollow\"><span class=\"sr-only\">Leia mais sobreOs 62 anos da REDE !!!<\/span>[&hellip;]<\/a><\/p>\n","protected":false},"author":3,"featured_media":565,"comment_status":"open","ping_status":"open","sticky":false,"template":"","format":"standard","meta":{"footnotes":""},"categories":[5,6],"tags":[],"class_list":["post-564","post","type-post","status-publish","format-standard","has-post-thumbnail","hentry","category-aconteceu","category-eventos"],"_links":{"self":[{"href":"https:\/\/www.redevoluntariasitatiba.com.br\/cms\/wp-json\/wp\/v2\/posts\/564","targetHints":{"allow":["GET"]}}],"collection":[{"href":"https:\/\/www.redevoluntariasitatiba.com.br\/cms\/wp-json\/wp\/v2\/posts"}],"about":[{"href":"https:\/\/www.redevoluntariasitatiba.com.br\/cms\/wp-json\/wp\/v2\/types\/post"}],"author":[{"embeddable":true,"href":"https:\/\/www.redevoluntariasitatiba.com.br\/cms\/wp-json\/wp\/v2\/users\/3"}],"replies":[{"embeddable":true,"href":"https:\/\/www.redevoluntariasitatiba.com.br\/cms\/wp-json\/wp\/v2\/comments?post=564"}],"version-history":[{"count":1,"href":"https:\/\/www.redevoluntariasitatiba.com.br\/cms\/wp-json\/wp\/v2\/posts\/564\/revisions"}],"predecessor-version":[{"id":566,"href":"https:\/\/www.redevoluntariasitatiba.com.br\/cms\/wp-json\/wp\/v2\/posts\/564\/revisions\/566"}],"wp:featuredmedia":[{"embeddable":true,"href":"https:\/\/www.redevoluntariasitatiba.com.br\/cms\/wp-json\/wp\/v2\/media\/565"}],"wp:attachment":[{"href":"https:\/\/www.redevoluntariasitatiba.com.br\/cms\/wp-json\/wp\/v2\/media?parent=564"}],"wp:term":[{"taxonomy":"category","embeddable":true,"href":"https:\/\/www.redevoluntariasitatiba.com.br\/cms\/wp-json\/wp\/v2\/categories?post=564"},{"taxonomy":"post_tag","embeddable":true,"href":"https:\/\/www.redevoluntariasitatiba.com.br\/cms\/wp-json\/wp\/v2\/tags?post=564"}],"curies":[{"name":"wp","href":"https:\/\/api.w.org\/{rel}","templated":true}]}}