{"id":634,"date":"2019-05-22T10:39:50","date_gmt":"2019-05-22T13:39:50","guid":{"rendered":"http:\/\/www.redevoluntariasitatiba.com.br\/cms\/?p=634"},"modified":"2019-05-22T10:50:06","modified_gmt":"2019-05-22T13:50:06","slug":"medicina-avanca-sobre-cancer-de-pancreas","status":"publish","type":"post","link":"https:\/\/www.redevoluntariasitatiba.com.br\/cms\/2019\/05\/22\/medicina-avanca-sobre-cancer-de-pancreas\/","title":{"rendered":"Medicina avan\u00e7a sobre c\u00e2ncer de p\u00e2ncreas"},"content":{"rendered":"<p>Avan\u00e7os expressivos na medicina, est\u00e3o permitindo combater o c\u00e2ncer de p\u00e2ncreas, at\u00e9 ent\u00e3o considerado um dos mais letais &#8230;&#8230;<\/p>\n<p>Quer saber mais ?<\/p>\n<p><a href=\"https:\/\/www1.folha.uol.com.br\/equilibrioesaude\/2019\/05\/aos-poucos-medicina-avanca-contra-o-cancer-de-pancreas-um-dos-mais-letais.shtml\">https:\/\/www1.folha.uol.com.br\/equilibrioesaude\/2019\/05\/aos-poucos-medicina-avanca-contra-o-cancer-de-pancreas-um-dos-mais-letais.shtml<\/a><\/p>\n","protected":false},"excerpt":{"rendered":"<p>Avan\u00e7os expressivos na medicina, est\u00e3o permitindo combater o c\u00e2ncer de p\u00e2ncreas, at\u00e9 ent\u00e3o considerado um dos mais letais &#8230;&#8230; Quer saber mais ? https:\/\/www1.folha.uol.com.br\/equilibrioesaude\/2019\/05\/aos-poucos-medicina-avanca-contra-o-cancer-de-pancreas-um-dos-mais-letais.shtml<\/p>\n","protected":false},"author":3,"featured_media":633,"comment_status":"open","ping_status":"open","sticky":false,"template":"","format":"standard","meta":{"footnotes":""},"categories":[3],"tags":[],"class_list":["post-634","post","type-post","status-publish","format-standard","has-post-thumbnail","hentry","category-saude"],"_links":{"self":[{"href":"https:\/\/www.redevoluntariasitatiba.com.br\/cms\/wp-json\/wp\/v2\/posts\/634","targetHints":{"allow":["GET"]}}],"collection":[{"href":"https:\/\/www.redevoluntariasitatiba.com.br\/cms\/wp-json\/wp\/v2\/posts"}],"about":[{"href":"https:\/\/www.redevoluntariasitatiba.com.br\/cms\/wp-json\/wp\/v2\/types\/post"}],"author":[{"embeddable":true,"href":"https:\/\/www.redevoluntariasitatiba.com.br\/cms\/wp-json\/wp\/v2\/users\/3"}],"replies":[{"embeddable":true,"href":"https:\/\/www.redevoluntariasitatiba.com.br\/cms\/wp-json\/wp\/v2\/comments?post=634"}],"version-history":[{"count":2,"href":"https:\/\/www.redevoluntariasitatiba.com.br\/cms\/wp-json\/wp\/v2\/posts\/634\/revisions"}],"predecessor-version":[{"id":638,"href":"https:\/\/www.redevoluntariasitatiba.com.br\/cms\/wp-json\/wp\/v2\/posts\/634\/revisions\/638"}],"wp:featuredmedia":[{"embeddable":true,"href":"https:\/\/www.redevoluntariasitatiba.com.br\/cms\/wp-json\/wp\/v2\/media\/633"}],"wp:attachment":[{"href":"https:\/\/www.redevoluntariasitatiba.com.br\/cms\/wp-json\/wp\/v2\/media?parent=634"}],"wp:term":[{"taxonomy":"category","embeddable":true,"href":"https:\/\/www.redevoluntariasitatiba.com.br\/cms\/wp-json\/wp\/v2\/categories?post=634"},{"taxonomy":"post_tag","embeddable":true,"href":"https:\/\/www.redevoluntariasitatiba.com.br\/cms\/wp-json\/wp\/v2\/tags?post=634"}],"curies":[{"name":"wp","href":"https:\/\/api.w.org\/{rel}","templated":true}]}}