{"id":716,"date":"2019-07-21T21:46:44","date_gmt":"2019-07-22T00:46:44","guid":{"rendered":"http:\/\/www.redevoluntariasitatiba.com.br\/cms\/?p=716"},"modified":"2019-07-21T21:56:01","modified_gmt":"2019-07-22T00:56:01","slug":"aumento-na-incidencia-de-cancer-em-jovens","status":"publish","type":"post","link":"https:\/\/www.redevoluntariasitatiba.com.br\/cms\/2019\/07\/21\/aumento-na-incidencia-de-cancer-em-jovens\/","title":{"rendered":"Aumento na incid\u00eancia de c\u00e2ncer em jovens"},"content":{"rendered":"<p>O aumento dos casos de c\u00e2ncer na popula\u00e7\u00e3o entre 20 e 49 anos, de 1997 a 2016, chamou a aten\u00e7\u00e3o de especialistas. Nesse per\u00edodo, a incid\u00eancia por ano do c\u00e2ncer da gl\u00e2ndula tire\u00f3ide registrou uma eleva\u00e7\u00e3o de 8,8%, o de pr\u00f3stata 5,2% e o de c\u00f3lon e reto, 3,4%. &#8230;<\/p>\n<p><a href=\"https:\/\/vivabem.uol.com.br\/noticias\/redacao\/2019\/07\/18\/estudo-aponta-aumento-de-cancer-em-populacao-de-20-a-49-anos.htm\">https:\/\/vivabem.uol.com.br\/noticias\/redacao<\/a><\/p>\n","protected":false},"excerpt":{"rendered":"<p>O aumento dos casos de c\u00e2ncer na popula\u00e7\u00e3o entre 20 e 49 anos, de 1997 a 2016, chamou a aten\u00e7\u00e3o de especialistas. Nesse per\u00edodo, a incid\u00eancia por ano do c\u00e2ncer da gl\u00e2ndula tire\u00f3ide registrou uma eleva\u00e7\u00e3o de 8,8%, o de pr\u00f3stata 5,2% e o de c\u00f3lon e reto, 3,4%. &#8230; https:\/\/vivabem.uol.com.br\/noticias\/redacao<\/p>\n","protected":false},"author":3,"featured_media":718,"comment_status":"open","ping_status":"open","sticky":false,"template":"","format":"standard","meta":{"footnotes":""},"categories":[3],"tags":[],"class_list":["post-716","post","type-post","status-publish","format-standard","has-post-thumbnail","hentry","category-saude"],"_links":{"self":[{"href":"https:\/\/www.redevoluntariasitatiba.com.br\/cms\/wp-json\/wp\/v2\/posts\/716","targetHints":{"allow":["GET"]}}],"collection":[{"href":"https:\/\/www.redevoluntariasitatiba.com.br\/cms\/wp-json\/wp\/v2\/posts"}],"about":[{"href":"https:\/\/www.redevoluntariasitatiba.com.br\/cms\/wp-json\/wp\/v2\/types\/post"}],"author":[{"embeddable":true,"href":"https:\/\/www.redevoluntariasitatiba.com.br\/cms\/wp-json\/wp\/v2\/users\/3"}],"replies":[{"embeddable":true,"href":"https:\/\/www.redevoluntariasitatiba.com.br\/cms\/wp-json\/wp\/v2\/comments?post=716"}],"version-history":[{"count":5,"href":"https:\/\/www.redevoluntariasitatiba.com.br\/cms\/wp-json\/wp\/v2\/posts\/716\/revisions"}],"predecessor-version":[{"id":722,"href":"https:\/\/www.redevoluntariasitatiba.com.br\/cms\/wp-json\/wp\/v2\/posts\/716\/revisions\/722"}],"wp:featuredmedia":[{"embeddable":true,"href":"https:\/\/www.redevoluntariasitatiba.com.br\/cms\/wp-json\/wp\/v2\/media\/718"}],"wp:attachment":[{"href":"https:\/\/www.redevoluntariasitatiba.com.br\/cms\/wp-json\/wp\/v2\/media?parent=716"}],"wp:term":[{"taxonomy":"category","embeddable":true,"href":"https:\/\/www.redevoluntariasitatiba.com.br\/cms\/wp-json\/wp\/v2\/categories?post=716"},{"taxonomy":"post_tag","embeddable":true,"href":"https:\/\/www.redevoluntariasitatiba.com.br\/cms\/wp-json\/wp\/v2\/tags?post=716"}],"curies":[{"name":"wp","href":"https:\/\/api.w.org\/{rel}","templated":true}]}}