{"id":735,"date":"2019-08-06T22:00:20","date_gmt":"2019-08-07T01:00:20","guid":{"rendered":"http:\/\/www.redevoluntariasitatiba.com.br\/cms\/?p=735"},"modified":"2019-08-06T22:15:17","modified_gmt":"2019-08-07T01:15:17","slug":"cancer-de-pulmao","status":"publish","type":"post","link":"https:\/\/www.redevoluntariasitatiba.com.br\/cms\/2019\/08\/06\/cancer-de-pulmao\/","title":{"rendered":"C\u00e2ncer de Pulm\u00e3o"},"content":{"rendered":"<p style=\"text-align: left;\">Os casos de c\u00e2ncer de pulm\u00e3o no Brasil s\u00f3 s\u00e3o identificados em est\u00e1gio avan\u00e7ado em 86,2% dos pacientes. O n\u00famero foi divulgado, neste dia 1\u00ba de agosto, pela organiza\u00e7\u00e3o n\u00e3o governamental Instituto Oncoguia, a partir dos Registros Hospitalares de C\u00e2ncer (RHC) do Instituto Nacional de C\u00e2ncer (INCA)&#8230;.<\/p>\n<p><a href=\"https:\/\/www.uol.com.br\/vivabem\/noticias\/redacao\/2019\/08\/01\/cancer-de-pulmao-e-identificado-em-estagio-avancado-em-86-dos-casos.htm\">https:\/\/www.uol.com.br\/vivabem\/noticias\/redacao\/2019\/08\/01\/cancer-de-pulmao-e-identificado-em-estagio-avancado-em-86-dos-casos.htm<\/a><\/p>\n<p>&nbsp;<\/p>\n<p>&nbsp;<\/p>\n<p>&nbsp;<\/p>\n","protected":false},"excerpt":{"rendered":"<p>Os casos de c\u00e2ncer de pulm\u00e3o no Brasil s\u00f3 s\u00e3o identificados em est\u00e1gio avan\u00e7ado em 86,2% dos pacientes. O n\u00famero foi divulgado, neste dia 1\u00ba de agosto, pela organiza\u00e7\u00e3o n\u00e3o governamental Instituto Oncoguia, a partir dos Registros Hospitalares de C\u00e2ncer (RHC) do Instituto Nacional de C\u00e2ncer (INCA)&#8230;. https:\/\/www.uol.com.br\/vivabem\/noticias\/redacao\/2019\/08\/01\/cancer-de-pulmao-e-identificado-em-estagio-avancado-em-86-dos-casos.htm &nbsp; &nbsp; &nbsp;<\/p>\n","protected":false},"author":3,"featured_media":737,"comment_status":"open","ping_status":"open","sticky":false,"template":"","format":"standard","meta":{"footnotes":""},"categories":[3],"tags":[],"class_list":["post-735","post","type-post","status-publish","format-standard","has-post-thumbnail","hentry","category-saude"],"_links":{"self":[{"href":"https:\/\/www.redevoluntariasitatiba.com.br\/cms\/wp-json\/wp\/v2\/posts\/735","targetHints":{"allow":["GET"]}}],"collection":[{"href":"https:\/\/www.redevoluntariasitatiba.com.br\/cms\/wp-json\/wp\/v2\/posts"}],"about":[{"href":"https:\/\/www.redevoluntariasitatiba.com.br\/cms\/wp-json\/wp\/v2\/types\/post"}],"author":[{"embeddable":true,"href":"https:\/\/www.redevoluntariasitatiba.com.br\/cms\/wp-json\/wp\/v2\/users\/3"}],"replies":[{"embeddable":true,"href":"https:\/\/www.redevoluntariasitatiba.com.br\/cms\/wp-json\/wp\/v2\/comments?post=735"}],"version-history":[{"count":8,"href":"https:\/\/www.redevoluntariasitatiba.com.br\/cms\/wp-json\/wp\/v2\/posts\/735\/revisions"}],"predecessor-version":[{"id":744,"href":"https:\/\/www.redevoluntariasitatiba.com.br\/cms\/wp-json\/wp\/v2\/posts\/735\/revisions\/744"}],"wp:featuredmedia":[{"embeddable":true,"href":"https:\/\/www.redevoluntariasitatiba.com.br\/cms\/wp-json\/wp\/v2\/media\/737"}],"wp:attachment":[{"href":"https:\/\/www.redevoluntariasitatiba.com.br\/cms\/wp-json\/wp\/v2\/media?parent=735"}],"wp:term":[{"taxonomy":"category","embeddable":true,"href":"https:\/\/www.redevoluntariasitatiba.com.br\/cms\/wp-json\/wp\/v2\/categories?post=735"},{"taxonomy":"post_tag","embeddable":true,"href":"https:\/\/www.redevoluntariasitatiba.com.br\/cms\/wp-json\/wp\/v2\/tags?post=735"}],"curies":[{"name":"wp","href":"https:\/\/api.w.org\/{rel}","templated":true}]}}