{"id":749,"date":"2019-08-06T23:29:37","date_gmt":"2019-08-07T02:29:37","guid":{"rendered":"http:\/\/www.redevoluntariasitatiba.com.br\/cms\/?p=749"},"modified":"2019-08-06T23:29:37","modified_gmt":"2019-08-07T02:29:37","slug":"protese-de-silicone-marca-allergan","status":"publish","type":"post","link":"https:\/\/www.redevoluntariasitatiba.com.br\/cms\/2019\/08\/06\/protese-de-silicone-marca-allergan\/","title":{"rendered":"Protese de Silicone ( marca Allergan)"},"content":{"rendered":"<p>No sentido de informar nossos assistidos, para que fiquem atentos, e busquem maiores detalhes, a Funda\u00e7\u00e3o Procon SP notificou a empresa <strong>Allergan Produtos Farmac\u00eauticos<\/strong> na ultima\u00a0 quinta-feira (01) a esclarecer o recolhimento de pr\u00f3teses de mama importadas pela empresa&#8230;. &#8211; Veja mais em<\/p>\n<p><a href=\"https:\/\/www.uol.com.br\/vivabem\/noticias\/redacao\/2019\/08\/01\/ha-riscos-ter-protese-de-silicone-da-marca-allergan-devo-trocar.htm?cmpid=copiaecola\">https:\/\/www.uol.com.br\/vivabem\/noticias\/redacao\/2019\/08\/01\/ha-riscos-ter-protese-de-silicone-da-marca-allergan<\/a><\/p>\n","protected":false},"excerpt":{"rendered":"<p>No sentido de informar nossos assistidos, para que fiquem atentos, e busquem maiores detalhes, a Funda\u00e7\u00e3o Procon SP notificou a empresa Allergan Produtos Farmac\u00eauticos na ultima\u00a0 quinta-feira (01) a esclarecer o recolhimento de pr\u00f3teses de mama importadas pela empresa&#8230;. &#8211; Veja mais em https:\/\/www.uol.com.br\/vivabem\/noticias\/redacao\/2019\/08\/01\/ha-riscos-ter-protese-de-silicone-da-marca-allergan<\/p>\n","protected":false},"author":3,"featured_media":751,"comment_status":"open","ping_status":"open","sticky":false,"template":"","format":"standard","meta":{"footnotes":""},"categories":[3],"tags":[],"class_list":["post-749","post","type-post","status-publish","format-standard","has-post-thumbnail","hentry","category-saude"],"_links":{"self":[{"href":"https:\/\/www.redevoluntariasitatiba.com.br\/cms\/wp-json\/wp\/v2\/posts\/749","targetHints":{"allow":["GET"]}}],"collection":[{"href":"https:\/\/www.redevoluntariasitatiba.com.br\/cms\/wp-json\/wp\/v2\/posts"}],"about":[{"href":"https:\/\/www.redevoluntariasitatiba.com.br\/cms\/wp-json\/wp\/v2\/types\/post"}],"author":[{"embeddable":true,"href":"https:\/\/www.redevoluntariasitatiba.com.br\/cms\/wp-json\/wp\/v2\/users\/3"}],"replies":[{"embeddable":true,"href":"https:\/\/www.redevoluntariasitatiba.com.br\/cms\/wp-json\/wp\/v2\/comments?post=749"}],"version-history":[{"count":1,"href":"https:\/\/www.redevoluntariasitatiba.com.br\/cms\/wp-json\/wp\/v2\/posts\/749\/revisions"}],"predecessor-version":[{"id":750,"href":"https:\/\/www.redevoluntariasitatiba.com.br\/cms\/wp-json\/wp\/v2\/posts\/749\/revisions\/750"}],"wp:featuredmedia":[{"embeddable":true,"href":"https:\/\/www.redevoluntariasitatiba.com.br\/cms\/wp-json\/wp\/v2\/media\/751"}],"wp:attachment":[{"href":"https:\/\/www.redevoluntariasitatiba.com.br\/cms\/wp-json\/wp\/v2\/media?parent=749"}],"wp:term":[{"taxonomy":"category","embeddable":true,"href":"https:\/\/www.redevoluntariasitatiba.com.br\/cms\/wp-json\/wp\/v2\/categories?post=749"},{"taxonomy":"post_tag","embeddable":true,"href":"https:\/\/www.redevoluntariasitatiba.com.br\/cms\/wp-json\/wp\/v2\/tags?post=749"}],"curies":[{"name":"wp","href":"https:\/\/api.w.org\/{rel}","templated":true}]}}