{"id":754,"date":"2019-08-13T22:56:48","date_gmt":"2019-08-14T01:56:48","guid":{"rendered":"http:\/\/www.redevoluntariasitatiba.com.br\/cms\/?p=754"},"modified":"2019-08-13T23:00:32","modified_gmt":"2019-08-14T02:00:32","slug":"sarampo","status":"publish","type":"post","link":"https:\/\/www.redevoluntariasitatiba.com.br\/cms\/2019\/08\/13\/sarampo\/","title":{"rendered":"Sarampo"},"content":{"rendered":"<p>Neste momento de grave crise por que passa nossa popula\u00e7\u00e3o com o Sarampo, achamos conveniente chamar a aten\u00e7\u00e3o de nossos leitores neste espa\u00e7o. Saibam todos, que o fator de imunidade baixa \u00e9 um alto risco para a contra\u00e7\u00e3o da doen\u00e7a. Leiam e vejam como se prevenir &#8230;.<\/p>\n<p><a href=\"https:\/\/www.uol.com.br\/vivabem\/noticias\/redacao\/2019\/07\/24\/sarampo-sintomas-transmissao-e-duvidas-sobre-o-surto-e-a-vacina.htm\">https:\/\/www.uol.com.br\/vivabem\/noticias\/redacao\/2019\/07\/24\/sarampo-sintomas-<\/a><\/p>\n","protected":false},"excerpt":{"rendered":"<p>Neste momento de grave crise por que passa nossa popula\u00e7\u00e3o com o Sarampo, achamos conveniente chamar a aten\u00e7\u00e3o de nossos leitores neste espa\u00e7o. Saibam todos, que o fator de imunidade baixa \u00e9 um alto risco para a contra\u00e7\u00e3o da doen\u00e7a. Leiam e vejam como se prevenir &#8230;. https:\/\/www.uol.com.br\/vivabem\/noticias\/redacao\/2019\/07\/24\/sarampo-sintomas-<\/p>\n","protected":false},"author":3,"featured_media":753,"comment_status":"open","ping_status":"open","sticky":false,"template":"","format":"standard","meta":{"footnotes":""},"categories":[3],"tags":[],"class_list":["post-754","post","type-post","status-publish","format-standard","has-post-thumbnail","hentry","category-saude"],"_links":{"self":[{"href":"https:\/\/www.redevoluntariasitatiba.com.br\/cms\/wp-json\/wp\/v2\/posts\/754","targetHints":{"allow":["GET"]}}],"collection":[{"href":"https:\/\/www.redevoluntariasitatiba.com.br\/cms\/wp-json\/wp\/v2\/posts"}],"about":[{"href":"https:\/\/www.redevoluntariasitatiba.com.br\/cms\/wp-json\/wp\/v2\/types\/post"}],"author":[{"embeddable":true,"href":"https:\/\/www.redevoluntariasitatiba.com.br\/cms\/wp-json\/wp\/v2\/users\/3"}],"replies":[{"embeddable":true,"href":"https:\/\/www.redevoluntariasitatiba.com.br\/cms\/wp-json\/wp\/v2\/comments?post=754"}],"version-history":[{"count":3,"href":"https:\/\/www.redevoluntariasitatiba.com.br\/cms\/wp-json\/wp\/v2\/posts\/754\/revisions"}],"predecessor-version":[{"id":757,"href":"https:\/\/www.redevoluntariasitatiba.com.br\/cms\/wp-json\/wp\/v2\/posts\/754\/revisions\/757"}],"wp:featuredmedia":[{"embeddable":true,"href":"https:\/\/www.redevoluntariasitatiba.com.br\/cms\/wp-json\/wp\/v2\/media\/753"}],"wp:attachment":[{"href":"https:\/\/www.redevoluntariasitatiba.com.br\/cms\/wp-json\/wp\/v2\/media?parent=754"}],"wp:term":[{"taxonomy":"category","embeddable":true,"href":"https:\/\/www.redevoluntariasitatiba.com.br\/cms\/wp-json\/wp\/v2\/categories?post=754"},{"taxonomy":"post_tag","embeddable":true,"href":"https:\/\/www.redevoluntariasitatiba.com.br\/cms\/wp-json\/wp\/v2\/tags?post=754"}],"curies":[{"name":"wp","href":"https:\/\/api.w.org\/{rel}","templated":true}]}}