{"id":89,"date":"2018-09-27T13:48:04","date_gmt":"2018-09-27T16:48:04","guid":{"rendered":"http:\/\/www.redevoluntariasitatiba.com.br\/cms\/?p=89"},"modified":"2018-09-27T14:34:39","modified_gmt":"2018-09-27T17:34:39","slug":"festa-de-san-gennaro-2018","status":"publish","type":"post","link":"https:\/\/www.redevoluntariasitatiba.com.br\/cms\/2018\/09\/27\/festa-de-san-gennaro-2018\/","title":{"rendered":"Festa de San Gennaro 2018"},"content":{"rendered":"<p>Como acontece todos os anos, e normalmente em novembro, a Prefeitura de Itatiba, promoveu excepcionalmente no final de semana de 14, 15 e 16 de setembro, e devido \u00e0s fortes chuvas ocorridas, estendeu aos dias 22 e 23, para que a festa t\u00e3o aguardada pela popula\u00e7\u00e3o e pelas entidades assistenciais de Itatiba, pudesse atender as expectativas de todos.<br \/>\nComo sempre, a REDE, contando com a inestim\u00e1vel colabora\u00e7\u00e3o de seus volunt\u00e1rios &#8211; com a venda de seus crepes, chope e refrigerantes, al\u00e9m da novidade, um card\u00e1pio variado de temakis , em parceria com o restaurante Naag &#8211; p\u00f4de, dessa forma obter parcela da renda necess\u00e1ria para a aquisi\u00e7\u00e3o de medicamentos e demais itens para cumprir os objetivos a que se prop\u00f5e.<\/p>\n<div class=\"wpe-col wpe-col-12-12\">\n<div class=\"wpe-col-1\">\n<p><img decoding=\"async\" src=\"http:\/\/redevoluntariasitatiba.com.br\/files\/IMG-20180925-WA0023.jpg\" alt=\"\" width=\"512px\" height=\"290px\" \/><\/p>\n<p><img decoding=\"async\" src=\"http:\/\/redevoluntariasitatiba.com.br\/files\/IMG-20180925-WA0025.jpg\" alt=\"\" width=\"512px\" height=\"290px\" \/><\/p>\n<p><img decoding=\"async\" src=\"http:\/\/redevoluntariasitatiba.com.br\/files\/IMG-20180925-WA0027.jpg\" alt=\"\" width=\"512px\" height=\"290px\" \/><\/p>\n<p><img loading=\"lazy\" decoding=\"async\" class=\"\" src=\"http:\/\/redevoluntariasitatiba.com.br\/files\/IMG-20180906-WA0099.jpg\" alt=\"\" width=\"392\" height=\"555\" \/><\/p>\n<\/div>\n<div class=\"wpe-col-2\">\n<p><img decoding=\"async\" src=\"http:\/\/redevoluntariasitatiba.com.br\/files\/IMG-20180925-WA0024.jpg\" alt=\"\" width=\"512px\" height=\"290px\" \/><\/p>\n<p><img decoding=\"async\" src=\"http:\/\/redevoluntariasitatiba.com.br\/files\/IMG-20180925-WA0026.jpg\" alt=\"\" width=\"512px\" height=\"290px\" \/><\/p>\n<p><img decoding=\"async\" src=\"http:\/\/redevoluntariasitatiba.com.br\/files\/IMG-20180925-WA0028.jpg\" alt=\"\" width=\"512px\" height=\"290px\" \/><\/p>\n<p><img decoding=\"async\" src=\"http:\/\/redevoluntariasitatiba.com.br\/files\/IMG-20180906-WA0100.jpg\" alt=\"\" width=\"542px\" height=\"768px\" \/><\/p>\n<\/div>\n<\/div>\n<div class=\"Object4753\"><\/div>\n<div class=\"Object4754\"><\/div>\n<div class=\"Object4766\"><\/div>\n<div class=\"Object4767\"><\/div>\n<div class=\"Object4768\"><\/div>\n<div class=\"Object4769\"><\/div>\n<div class=\"Object4770\"><\/div>\n<div class=\"Object4771\"><\/div>\n<div class=\"Object4772\"><\/div>\n","protected":false},"excerpt":{"rendered":"<p>Como acontece todos os anos, e normalmente em novembro, a Prefeitura de Itatiba, promoveu excepcionalmente no final de semana de 14, 15 e 16 de setembro, e devido \u00e0s fortes chuvas ocorridas, estendeu aos dias 22 e 23, para que a festa t\u00e3o aguardada pela popula\u00e7\u00e3o e pelas entidades assistenciais de Itatiba, pudesse atender as <a href=\"https:\/\/www.redevoluntariasitatiba.com.br\/cms\/2018\/09\/27\/festa-de-san-gennaro-2018\/\" rel=\"nofollow\"><span class=\"sr-only\">Leia mais sobreFesta de San Gennaro 2018<\/span>[&hellip;]<\/a><\/p>\n","protected":false},"author":5,"featured_media":107,"comment_status":"open","ping_status":"open","sticky":false,"template":"","format":"standard","meta":{"footnotes":""},"categories":[5,6],"tags":[],"class_list":["post-89","post","type-post","status-publish","format-standard","has-post-thumbnail","hentry","category-aconteceu","category-eventos"],"_links":{"self":[{"href":"https:\/\/www.redevoluntariasitatiba.com.br\/cms\/wp-json\/wp\/v2\/posts\/89","targetHints":{"allow":["GET"]}}],"collection":[{"href":"https:\/\/www.redevoluntariasitatiba.com.br\/cms\/wp-json\/wp\/v2\/posts"}],"about":[{"href":"https:\/\/www.redevoluntariasitatiba.com.br\/cms\/wp-json\/wp\/v2\/types\/post"}],"author":[{"embeddable":true,"href":"https:\/\/www.redevoluntariasitatiba.com.br\/cms\/wp-json\/wp\/v2\/users\/5"}],"replies":[{"embeddable":true,"href":"https:\/\/www.redevoluntariasitatiba.com.br\/cms\/wp-json\/wp\/v2\/comments?post=89"}],"version-history":[{"count":0,"href":"https:\/\/www.redevoluntariasitatiba.com.br\/cms\/wp-json\/wp\/v2\/posts\/89\/revisions"}],"wp:featuredmedia":[{"embeddable":true,"href":"https:\/\/www.redevoluntariasitatiba.com.br\/cms\/wp-json\/wp\/v2\/media\/107"}],"wp:attachment":[{"href":"https:\/\/www.redevoluntariasitatiba.com.br\/cms\/wp-json\/wp\/v2\/media?parent=89"}],"wp:term":[{"taxonomy":"category","embeddable":true,"href":"https:\/\/www.redevoluntariasitatiba.com.br\/cms\/wp-json\/wp\/v2\/categories?post=89"},{"taxonomy":"post_tag","embeddable":true,"href":"https:\/\/www.redevoluntariasitatiba.com.br\/cms\/wp-json\/wp\/v2\/tags?post=89"}],"curies":[{"name":"wp","href":"https:\/\/api.w.org\/{rel}","templated":true}]}}